{"id":7347,"date":"2024-11-08T12:40:51","date_gmt":"2024-11-08T12:40:51","guid":{"rendered":"https:\/\/www.grupobillingham.com\/blog\/?p=7347"},"modified":"2026-04-28T23:05:26","modified_gmt":"2026-04-28T23:05:26","slug":"frases-calendarios","status":"publish","type":"post","link":"https:\/\/www.grupobillingham.com\/blog\/frases-calendarios\/","title":{"rendered":"Transforma tus calendarios publicitarios: ideas de frases que inspiran"},"content":{"rendered":"<p>\u00bfSab\u00edas que los <a href=\"https:\/\/www.grupobillingham.com\/calendarios-publicitarios\">calendarios publicitarios<\/a> pueden ser mucho m\u00e1s que simples objetos para marcar los d\u00edas? Se trata de <strong>herramientas vers\u00e1tiles que hablan de tu marca <\/strong>mes a mes, como nuestras <a href=\"https:\/\/www.grupobillingham.com\/libretas-personalizadas\">libretas para empresa<\/a>. Al utilizar las frases adecuadas, puedes inspirar, motivar y conectar emocionalmente con tus clientes.<\/p>\n<p>En este art\u00edculo, nos embarcaremos en un viaje creativo con <strong>frases para calendarios<\/strong>, que abarca desde frases cortas con impacto hasta mensajes que fortalecen relaciones. Tambi\u00e9n exploraremos c\u00f3mo a\u00f1adir estilo y emoci\u00f3n a trav\u00e9s de frases bonitas, as\u00ed como la importancia de inspirar cada d\u00eda con mensajes motivadores. Adem\u00e1s, te daremos consejos para elegir la frase perfecta que har\u00e1 que tus calendarios publicitarios se conviertan en el aliado ideal para tu negocio.<\/p>\n<p><!--more--><\/p>\n<h2><strong>Frases cortas para calendarios personalizados: impacto y efectividad<\/strong><\/h2>\n<p>Las frases breves son ideales para <strong>captar la atenci\u00f3n y transmitir un mensaje claro<\/strong>. Aqu\u00ed tienes algunas ideas que pueden generar un gran impacto en tus calendarios personalizados:<\/p>\n<ul>\n<li><em>\u00abCada d\u00eda es una nueva oportunidad.\u00bb<\/em><\/li>\n<li><em>\u00abHaz que cada momento cuente.\u00bb<\/em><\/li>\n<li><em>\u00abLa clave del \u00e9xito est\u00e1 en la constancia.\u00bb<\/em><\/li>\n<li><em>\u00abSue\u00f1a en grande, act\u00faa en peque\u00f1o.\u00bb<\/em><\/li>\n<li><em>\u00abPeque\u00f1os pasos, grandes logros.\u00bb<\/em><\/li>\n<li><em>\u00abLa perseverancia abre puertas.\u00bb<\/em><\/li>\n<li><em>\u00abHoy es el primer d\u00eda del resto de tu vida.\u00bb<\/em><\/li>\n<li><em>\u00abCon cada amanecer, vienen nuevas posibilidades.\u00bb<\/em><\/li>\n<li><em>\u00abEl \u00e9xito es la suma de peque\u00f1os esfuerzos.\u00bb<\/em><\/li>\n<li><em>\u00abCree en ti mismo y todo ser\u00e1 posible.\u00bb<\/em><\/li>\n<\/ul>\n<p>Las frases cortas son f\u00e1ciles de recordar y pueden motivar a tus clientes a lo largo del a\u00f1o. Integrarlas en tus calendarios publicitarios, refuerza tu mensaje de marca y mantiene a tus clientes inspirados.<\/p>\n<h3>Productos que pueden interesarte:<\/h3>\n    <div class=\"gb-products-shortcode-wrapper carousel-wrapper\">\n        <div class=\"gb-products-scroll\" style=\"overflow-x: auto; overflow-y: hidden; padding-bottom: 12px;\">\n            <div class=\"gb-products-row\" style=\"display: grid; grid-auto-flow: column; grid-auto-columns: 260px; gap: 20px;\">\n                                    <div class=\"gb-products-card\">\n                        <div class=\"product-card\">\n                            <div class=\"product-image-wrapper\">\n                                                                <img decoding=\"async\" src=\"https:\/\/res.cloudinary.com\/grupobillingham\/images\/f_auto\/t_product\/t_w_md\/catalog\/3469820430abc06966ec880cb0d0430c\/mini-calendario-con-iman-2026-personalizado-para-nevera-personalizado\" alt=\"Mini calendario con im\u00e1n 2026 personalizado para nevera\" class=\"product-image\" loading=\"lazy\">\n                            <\/div>\n                            <div class=\"product-content\">\n                                <span class=\"product-title\"><a data-event=\"blog_product_post\" href=\"https:\/\/www.grupobillingham.com\/mini-calendario-faldilla-mensual-con-iman-para-nevera\">Mini calendario con im\u00e1n 2026 personalizado para nevera<\/a><\/span>\n                                <p class=\"product-price\">Desde 0,30 \u20ac<\/p>\n                                <span class=\"gb-btn\" data-event=\"blog_product_post\" data-href=\"https:\/\/www.grupobillingham.com\/mini-calendario-faldilla-mensual-con-iman-para-nevera\" target=\"_blank\" rel=\"noopener noreferrer\">Ver producto<\/span>\n                            <\/div>\n                        <\/div>\n                    <\/div>\n                                    <div class=\"gb-products-card\">\n                        <div class=\"product-card\">\n                            <div class=\"product-image-wrapper\">\n                                                                <img decoding=\"async\" src=\"https:\/\/res.cloudinary.com\/grupobillingham\/images\/f_auto\/t_product\/t_w_md\/catalog\/b9a96f42b78080eba2b9b4216e9b3719\/calendario-de-mesa-2026-prefabricado-con-espiral-personalizado\" alt=\"Calendario de mesa 2026 prefabricado con espiral\" class=\"product-image\" loading=\"lazy\">\n                            <\/div>\n                            <div class=\"product-content\">\n                                <span class=\"product-title\"><a data-event=\"blog_product_post\" href=\"https:\/\/www.grupobillingham.com\/calendario-de-mesa-con-espiral-prefabricado\">Calendario de mesa 2026 prefabricado con espiral<\/a><\/span>\n                                <p class=\"product-price\">Desde 0,57 \u20ac<\/p>\n                                <span class=\"gb-btn\" data-event=\"blog_product_post\" data-href=\"https:\/\/www.grupobillingham.com\/calendario-de-mesa-con-espiral-prefabricado\" target=\"_blank\" rel=\"noopener noreferrer\">Ver producto<\/span>\n                            <\/div>\n                        <\/div>\n                    <\/div>\n                                    <div class=\"gb-products-card\">\n                        <div class=\"product-card\">\n                            <div class=\"product-image-wrapper\">\n                                                                <img decoding=\"async\" src=\"https:\/\/res.cloudinary.com\/grupobillingham\/images\/f_auto\/t_product\/t_w_md\/catalog\/b65cb3309bcba46ec39efb72a52dec18\/calendario-perpetuo-de-carton-reciclado-personalizado-personalizado\" alt=\"Calendario perpetuo de cart\u00f3n reciclado personalizado\" class=\"product-image\" loading=\"lazy\">\n                            <\/div>\n                            <div class=\"product-content\">\n                                <span class=\"product-title\"><a data-event=\"blog_product_post\" href=\"https:\/\/www.grupobillingham.com\/calendario-perpetuo-de-carton-reciclado-personalizado\">Calendario perpetuo de cart\u00f3n reciclado personalizado<\/a><\/span>\n                                <p class=\"product-price\">Desde 0,30 \u20ac<\/p>\n                                <span class=\"gb-btn\" data-event=\"blog_product_post\" data-href=\"https:\/\/www.grupobillingham.com\/calendario-perpetuo-de-carton-reciclado-personalizado\" target=\"_blank\" rel=\"noopener noreferrer\">Ver producto<\/span>\n                            <\/div>\n                        <\/div>\n                    <\/div>\n                            <\/div>\n        <\/div>\n    <\/div>    \n<h2><strong>Frases para calendarios de clientes publicitarios: fortalece tus relaciones<\/strong><\/h2>\n<p>Los calendarios personalizados son una excelente manera de mantener la conexi\u00f3n con tus clientes. Utilizar frases que refuercen la relaci\u00f3n y muestren tu aprecio puede tener un impacto positivo en su lealtad. Aqu\u00ed tienes algunas sugerencias:<\/p>\n<ul>\n<li><em>\u00abApreciamos tu confianza en nosotros.\u00bb<\/em><\/li>\n<li><em>\u00abGracias por ser parte de nuestra historia.\u00bb<\/em><\/li>\n<li><em>\u00abJuntos, hacemos la diferencia.\u00bb<\/em><\/li>\n<li><em>\u00abTu satisfacci\u00f3n es nuestra prioridad.\u00bb<\/em><\/li>\n<li><em>\u00abContamos contigo en cada paso del camino.\u00bb<\/em><\/li>\n<li><em>\u00abTu \u00e9xito es nuestro \u00e9xito.\u00bb<\/em><\/li>\n<li><em>\u00abAgradecemos tu apoyo continuo.\u00bb<\/em><\/li>\n<li><em>\u00abEres m\u00e1s que un cliente; eres parte de nuestra familia.\u00bb<\/em><\/li>\n<li><em>\u00abTu opini\u00f3n nos impulsa a mejorar cada d\u00eda.\u00bb<\/em><\/li>\n<li><em>\u00abEstamos aqu\u00ed para ayudarte a alcanzar tus metas.\u00bb<\/em><\/li>\n<\/ul>\n<p>Estas frases expresan gratitud y ayudan a crear un sentido de comunidad y pertenencia. Al incluir mensajes como estos en tus calendarios, puedes fortalecer las relaciones con tus clientes y recordarles que su apoyo es fundamental para tu negocio.<\/p>\n<h2><strong>Frases bonitas para calendarios con logo: a\u00f1ade estilo y emoci\u00f3n<\/strong><\/h2>\n<p>Integrar frases bonitas en tus calendarios no solo embellece el dise\u00f1o, sino que tambi\u00e9n a\u00f1ade un toque emocional que puede resonar con tus clientes. Aqu\u00ed tienes algunas ideas que aportan estilo y emoci\u00f3n:<\/p>\n<ul>\n<li><em>\u00abLa vida es un viaje, disfruta cada momento.\u00bb<\/em><\/li>\n<li><em>\u00abCada d\u00eda es un lienzo en blanco, p\u00edntalo con tus sue\u00f1os.\u00bb<\/em><\/li>\n<li><em>\u00abLa belleza de la vida est\u00e1 en los peque\u00f1os detalles.\u00bb<\/em><\/li>\n<li><em>\u00abVive con pasi\u00f3n, ama con intensidad.\u00bb<\/em><\/li>\n<li><em>\u00abEl futuro pertenece a quienes creen en la belleza de sus sue\u00f1os.\u00bb<\/em><\/li>\n<li><em>\u00abLas sonrisas son el idioma universal de la felicidad.\u00bb<\/em><\/li>\n<li><em>\u00abHaz de cada d\u00eda un poema.\u00bb<\/em><\/li>\n<li><em>\u00abEn la simplicidad reside la verdadera belleza.\u00bb<\/em><\/li>\n<li><em>\u00abDeja que la luz de tu alma brille.\u00bb<\/em><\/li>\n<li><em>\u00abLa magia sucede cuando te atreves a so\u00f1ar.\u00bb<\/em><\/li>\n<\/ul>\n<p>Al elegir mensajes que evocan emociones y transmiten belleza, puedes crear un v\u00ednculo m\u00e1s profundo con tus clientes y hacer que cada mes sea una celebraci\u00f3n de la vida y los sue\u00f1os.<\/p>\n<h2><strong>Frases motivadoras para calendarios para empresas: inspira cada d\u00eda<\/strong><\/h2>\n<p>A\u00f1adir frases motivadoras a tus calendarios publicitarios es una manera efectiva de inspirar a tus clientes d\u00eda tras d\u00eda. Estas frases pueden darles el empuje que necesitan para enfrentar los retos con energ\u00eda y optimismo. Aqu\u00ed tienes algunas ideas:<\/p>\n<ul>\n<li><em>\u00abHoy es el primer d\u00eda del resto de tu vida.\u00bb<\/em><\/li>\n<li><em>\u00abNo te detengas hasta que est\u00e9s orgulloso.\u00bb<\/em><\/li>\n<li><em>\u00abLa \u00fanica forma de hacer un gran trabajo es amar lo que haces.\u00bb<\/em><\/li>\n<li><em>\u00abEl \u00e9xito comienza con la decisi\u00f3n de intentarlo.\u00bb<\/em><\/li>\n<li><em>\u00abDesaf\u00eda tus l\u00edmites y transforma tus sue\u00f1os en realidad.\u00bb<\/em><\/li>\n<li><em>\u00abCree en ti mismo y todo ser\u00e1 posible.\u00bb<\/em><\/li>\n<li><em>\u00abEl \u00fanico fracaso real es no intentarlo.\u00bb<\/em><\/li>\n<li><em>\u00abTu actitud determina tu altitud.\u00bb<\/em><\/li>\n<li><em>\u00abHaz que hoy cuente; haz que sea extraordinario.\u00bb<\/em><\/li>\n<li><em>\u00abLos sue\u00f1os se convierten en realidad cuando se trabaja por ellos.\u00bb<\/em><\/li>\n<\/ul>\n<p>Las frases motivadoras inspiran a tus clientes y tambi\u00e9n crean un ambiente positivo que los anima a alcanzar sus metas. Al incluir mensajes como estos en tus calendarios, te conviertes en una fuente constante de motivaci\u00f3n y apoyo.<\/p>\n<h2><strong>Consejos para elegir la frase perfecta para tus calendarios publicitarios<\/strong><\/h2>\n<p>Seleccionar la frase adecuada es esencial para conectar con tu p\u00fablico y reflejar los valores de tu marca. Aqu\u00ed van algunos consejos \u00fatiles:<\/p>\n<ol>\n<li><strong>Conoce a tu audiencia<\/strong>: entender qui\u00e9nes son tus clientes y qu\u00e9 les motiva har\u00e1 que tu frase tenga mayor impacto.<\/li>\n<li><strong>S\u00e9 aut\u00e9ntico<\/strong>: opta por frases que reflejen la voz y los valores de tu marca; esto genera confianza.<\/li>\n<li><strong>Mant\u00e9n la brevedad<\/strong>: las frases cortas y directas son m\u00e1s memorables y efectivas.<\/li>\n<li><strong>Inspira emoci\u00f3n<\/strong>: busca mensajes que evocan sentimientos positivos y conecten emocionalmente.<\/li>\n<li><strong>Considera la tem\u00e1tica<\/strong>: alinea la frase con el tema de tu calendario para mantener coherencia.<\/li>\n<li><strong>Usa lenguaje positivo<\/strong>: palabras que transmitan optimismo crean un ambiente favorable.<\/li>\n<li><strong>Prueba y adapta<\/strong>: realiza encuestas o pruebas con diferentes frases para obtener retroalimentaci\u00f3n de tus clientes.<\/li>\n<li><strong>Crea un v\u00ednculo con tu producto<\/strong>: relaciona la frase con el tipo de calendario que ofreces.<\/li>\n<li><strong>S\u00e9 creativo<\/strong>: no dudes en emplear frases \u00fanicas o juegos de palabras para destacar.<\/li>\n<li><strong>Refuerza tu mensaje de marca<\/strong>: aseg\u00farate de que la frase complemente tus objetivos comerciales.<\/li>\n<\/ol>\n<h3>Productos que pueden interesarte:<\/h3>\n    <div class=\"gb-products-shortcode-wrapper carousel-wrapper\">\n        <div class=\"gb-products-scroll\" style=\"overflow-x: auto; overflow-y: hidden; padding-bottom: 12px;\">\n            <div class=\"gb-products-row\" style=\"display: grid; grid-auto-flow: column; grid-auto-columns: 260px; gap: 20px;\">\n                                    <div class=\"gb-products-card\">\n                        <div class=\"product-card\">\n                            <div class=\"product-image-wrapper\">\n                                                                <img decoding=\"async\" src=\"https:\/\/res.cloudinary.com\/grupobillingham\/images\/f_auto\/t_product\/t_w_md\/catalog\/c526ef807ba76c9a39ac5bb669a812de\/calendario-de-mesa-ecologico-2024-personalizado-personalizado\" alt=\"Calendario de mesa ecol\u00f3gico 2026 personalizado\" class=\"product-image\" loading=\"lazy\">\n                            <\/div>\n                            <div class=\"product-content\">\n                                <span class=\"product-title\"><a data-event=\"blog_product_post\" href=\"https:\/\/www.grupobillingham.com\/calendario-de-mesa-ecologico-2022-personalizado\">Calendario de mesa ecol\u00f3gico 2026 personalizado<\/a><\/span>\n                                <p class=\"product-price\">Desde 0,22 \u20ac<\/p>\n                                <span class=\"gb-btn\" data-event=\"blog_product_post\" data-href=\"https:\/\/www.grupobillingham.com\/calendario-de-mesa-ecologico-2022-personalizado\" target=\"_blank\" rel=\"noopener noreferrer\">Ver producto<\/span>\n                            <\/div>\n                        <\/div>\n                    <\/div>\n                                    <div class=\"gb-products-card\">\n                        <div class=\"product-card\">\n                            <div class=\"product-image-wrapper\">\n                                                                <img decoding=\"async\" src=\"https:\/\/res.cloudinary.com\/grupobillingham\/images\/f_auto\/t_product\/t_w_md\/catalog\/7debdb39ea8383ef28b7942523713be4\/calendario-de-mesa-2024-estilo-cubilete-hexagonal-personalizado\" alt=\"Calendario de mesa 2026 estilo cubilete hexagonal\" class=\"product-image\" loading=\"lazy\">\n                            <\/div>\n                            <div class=\"product-content\">\n                                <span class=\"product-title\"><a data-event=\"blog_product_post\" href=\"https:\/\/www.grupobillingham.com\/calendario-cubilete-de-mesa\">Calendario de mesa 2026 estilo cubilete hexagonal<\/a><\/span>\n                                <p class=\"product-price\">Desde 0,53 \u20ac<\/p>\n                                <span class=\"gb-btn\" data-event=\"blog_product_post\" data-href=\"https:\/\/www.grupobillingham.com\/calendario-cubilete-de-mesa\" target=\"_blank\" rel=\"noopener noreferrer\">Ver producto<\/span>\n                            <\/div>\n                        <\/div>\n                    <\/div>\n                                    <div class=\"gb-products-card\">\n                        <div class=\"product-card\">\n                            <div class=\"product-image-wrapper\">\n                                                                <img decoding=\"async\" src=\"https:\/\/res.cloudinary.com\/grupobillingham\/images\/f_auto\/t_product\/t_w_md\/catalog\/e3a4181923307ef6209b62b7ab76262f\/calendario-de-pared-2022-mensual-ancho-43-5-cm-personalizado\" alt=\"Calendario de pared 2026 mensual (car\u00e1tula cart\u00f3n - ancho: 43,5 cm)\" class=\"product-image\" loading=\"lazy\">\n                            <\/div>\n                            <div class=\"product-content\">\n                                <span class=\"product-title\"><a data-event=\"blog_product_post\" href=\"https:\/\/www.grupobillingham.com\/calendario-de-pared-mensual-ancho-de-43-5-cm\">Calendario de pared 2026 mensual (car\u00e1tula cart\u00f3n - ancho: 43,5 cm)<\/a><\/span>\n                                <p class=\"product-price\">Desde 1,34 \u20ac<\/p>\n                                <span class=\"gb-btn\" data-event=\"blog_product_post\" data-href=\"https:\/\/www.grupobillingham.com\/calendario-de-pared-mensual-ancho-de-43-5-cm\" target=\"_blank\" rel=\"noopener noreferrer\">Ver producto<\/span>\n                            <\/div>\n                        <\/div>\n                    <\/div>\n                            <\/div>\n        <\/div>\n    <\/div>    \n<p>Los calendarios publicitarios no son solo herramientas para organizar el tiempo; son una extensi\u00f3n de tu marca que puede inspirar, motivar y conectar con tus clientes. Al elegir las frases adecuadas, no solo embelleces tus calendarios, sino que tambi\u00e9n creas un v\u00ednculo m\u00e1s profundo con quienes valoran tu trabajo. Recuerda que cada mes es una nueva oportunidad para sorprender y deleitar a tus clientes. Combinando tus calendarios con otros elementos de <a href=\"https:\/\/www.grupobillingham.com\/merchandising\">merchandising personalizado<\/a>, puedes maximizar el impacto de tu marca en la mente de tus clientes. \u00a1Haz de tus calendarios una celebraci\u00f3n constante de tu marca y su mensaje!<\/p>\n","protected":false},"excerpt":{"rendered":"<p>\u00bfSab\u00edas que los calendarios publicitarios pueden ser mucho m\u00e1s que simples objetos para marcar los d\u00edas? Se trata de herramientas vers\u00e1tiles que hablan de tu marca mes a mes, como nuestras libretas para empresa. Al utilizar las frases adecuadas, puedes inspirar, motivar y conectar emocionalmente con tus clientes. En este art\u00edculo, nos embarcaremos en un [&hellip;]<\/p>\n","protected":false},"author":10,"featured_media":7351,"comment_status":"closed","ping_status":"open","sticky":false,"template":"","format":"standard","meta":{"footnotes":""},"categories":[72],"tags":[],"class_list":["post-7347","post","type-post","status-publish","format-standard","has-post-thumbnail","hentry","category-ideas-e-inspiracion-por-eventos"],"yoast_head":"<!-- This site is optimized with the Yoast SEO plugin v27.4 - https:\/\/yoast.com\/product\/yoast-seo-wordpress\/ -->\n<title>Frases para Calendarios Personalizados: conecta con tus clientes<\/title>\n<meta name=\"description\" content=\"Descubre las mejores frases para calendarios publicitarios que inspiran y fortalecen las relaciones con tus clientes.\" \/>\n<meta name=\"robots\" content=\"index, follow, max-snippet:-1, max-image-preview:large, max-video-preview:-1\" \/>\n<link rel=\"canonical\" href=\"https:\/\/www.grupobillingham.com\/blog\/frases-calendarios\/\" \/>\n<meta name=\"twitter:label1\" content=\"Escrito por\" \/>\n\t<meta name=\"twitter:data1\" content=\"Cod\u00e9s\" \/>\n\t<meta name=\"twitter:label2\" content=\"Tiempo de lectura\" \/>\n\t<meta name=\"twitter:data2\" content=\"5 minutos\" \/>\n<script type=\"application\/ld+json\" class=\"yoast-schema-graph\">{\"@context\":\"https:\\\/\\\/schema.org\",\"@graph\":[{\"@type\":\"Article\",\"@id\":\"https:\\\/\\\/www.grupobillingham.com\\\/blog\\\/frases-calendarios\\\/#article\",\"isPartOf\":{\"@id\":\"https:\\\/\\\/www.grupobillingham.com\\\/blog\\\/frases-calendarios\\\/\"},\"author\":{\"name\":\"Cod\u00e9s\",\"@id\":\"https:\\\/\\\/www.grupobillingham.com\\\/blog\\\/#\\\/schema\\\/person\\\/5a280e600b6a1540f8d5b8f4074b5383\"},\"headline\":\"Transforma tus calendarios publicitarios: ideas de frases que inspiran\",\"datePublished\":\"2024-11-08T12:40:51+00:00\",\"dateModified\":\"2026-04-28T23:05:26+00:00\",\"mainEntityOfPage\":{\"@id\":\"https:\\\/\\\/www.grupobillingham.com\\\/blog\\\/frases-calendarios\\\/\"},\"wordCount\":1117,\"image\":{\"@id\":\"https:\\\/\\\/www.grupobillingham.com\\\/blog\\\/frases-calendarios\\\/#primaryimage\"},\"thumbnailUrl\":\"https:\\\/\\\/www.grupobillingham.com\\\/blog\\\/wp-content\\\/uploads\\\/2024\\\/10\\\/frases-personalizar-calendarios.jpg\",\"articleSection\":[\"Ideas e inspiraci\u00f3n por eventos\"],\"inLanguage\":\"es\"},{\"@type\":\"WebPage\",\"@id\":\"https:\\\/\\\/www.grupobillingham.com\\\/blog\\\/frases-calendarios\\\/\",\"url\":\"https:\\\/\\\/www.grupobillingham.com\\\/blog\\\/frases-calendarios\\\/\",\"name\":\"Frases para Calendarios Personalizados: conecta con tus clientes\",\"isPartOf\":{\"@id\":\"https:\\\/\\\/www.grupobillingham.com\\\/blog\\\/#website\"},\"primaryImageOfPage\":{\"@id\":\"https:\\\/\\\/www.grupobillingham.com\\\/blog\\\/frases-calendarios\\\/#primaryimage\"},\"image\":{\"@id\":\"https:\\\/\\\/www.grupobillingham.com\\\/blog\\\/frases-calendarios\\\/#primaryimage\"},\"thumbnailUrl\":\"https:\\\/\\\/www.grupobillingham.com\\\/blog\\\/wp-content\\\/uploads\\\/2024\\\/10\\\/frases-personalizar-calendarios.jpg\",\"datePublished\":\"2024-11-08T12:40:51+00:00\",\"dateModified\":\"2026-04-28T23:05:26+00:00\",\"author\":{\"@id\":\"https:\\\/\\\/www.grupobillingham.com\\\/blog\\\/#\\\/schema\\\/person\\\/5a280e600b6a1540f8d5b8f4074b5383\"},\"description\":\"Descubre las mejores frases para calendarios publicitarios que inspiran y fortalecen las relaciones con tus clientes.\",\"breadcrumb\":{\"@id\":\"https:\\\/\\\/www.grupobillingham.com\\\/blog\\\/frases-calendarios\\\/#breadcrumb\"},\"inLanguage\":\"es\",\"potentialAction\":[{\"@type\":\"ReadAction\",\"target\":[\"https:\\\/\\\/www.grupobillingham.com\\\/blog\\\/frases-calendarios\\\/\"]}]},{\"@type\":\"ImageObject\",\"inLanguage\":\"es\",\"@id\":\"https:\\\/\\\/www.grupobillingham.com\\\/blog\\\/frases-calendarios\\\/#primaryimage\",\"url\":\"https:\\\/\\\/www.grupobillingham.com\\\/blog\\\/wp-content\\\/uploads\\\/2024\\\/10\\\/frases-personalizar-calendarios.jpg\",\"contentUrl\":\"https:\\\/\\\/www.grupobillingham.com\\\/blog\\\/wp-content\\\/uploads\\\/2024\\\/10\\\/frases-personalizar-calendarios.jpg\",\"width\":740,\"height\":410,\"caption\":\"Frases para personalizar calendarios\"},{\"@type\":\"BreadcrumbList\",\"@id\":\"https:\\\/\\\/www.grupobillingham.com\\\/blog\\\/frases-calendarios\\\/#breadcrumb\",\"itemListElement\":[{\"@type\":\"ListItem\",\"position\":1,\"name\":\"Portada\",\"item\":\"https:\\\/\\\/www.grupobillingham.com\\\/blog\\\/\"},{\"@type\":\"ListItem\",\"position\":2,\"name\":\"Transforma tus calendarios publicitarios: ideas de frases que inspiran\"}]},{\"@type\":\"WebSite\",\"@id\":\"https:\\\/\\\/www.grupobillingham.com\\\/blog\\\/#website\",\"url\":\"https:\\\/\\\/www.grupobillingham.com\\\/blog\\\/\",\"name\":\"Ideas de regalos de empresa y merchandising Grupo Billingham\",\"description\":\"Las mejores ideas de regalos de empresa y publicitarios de Grupo Billingham\",\"potentialAction\":[{\"@type\":\"SearchAction\",\"target\":{\"@type\":\"EntryPoint\",\"urlTemplate\":\"https:\\\/\\\/www.grupobillingham.com\\\/blog\\\/?s={search_term_string}\"},\"query-input\":{\"@type\":\"PropertyValueSpecification\",\"valueRequired\":true,\"valueName\":\"search_term_string\"}}],\"inLanguage\":\"es\"},{\"@type\":\"Person\",\"@id\":\"https:\\\/\\\/www.grupobillingham.com\\\/blog\\\/#\\\/schema\\\/person\\\/5a280e600b6a1540f8d5b8f4074b5383\",\"name\":\"Cod\u00e9s\",\"image\":{\"@type\":\"ImageObject\",\"inLanguage\":\"es\",\"@id\":\"https:\\\/\\\/www.grupobillingham.com\\\/blog\\\/wp-content\\\/uploads\\\/2022\\\/08\\\/autora-codes.jpg\",\"url\":\"https:\\\/\\\/www.grupobillingham.com\\\/blog\\\/wp-content\\\/uploads\\\/2022\\\/08\\\/autora-codes.jpg\",\"contentUrl\":\"https:\\\/\\\/www.grupobillingham.com\\\/blog\\\/wp-content\\\/uploads\\\/2022\\\/08\\\/autora-codes.jpg\",\"caption\":\"Cod\u00e9s\"},\"description\":\"Mi nombre es Cod\u00e9s (lo s\u00e9, nombre peculiar donde los haya), soy publicista de formaci\u00f3n y copywriter de profesi\u00f3n. En esta etapa laboral he tenido la suerte de dar con Grupo Billingham, una de las empresas de referencia en el sector de los regalos personalizados y art\u00edculos publicitarios. Aqu\u00ed me encargo de crear art\u00edculos relacionados con los regalos publicitarios, personalizados y de merchandising con el objetivo de que sean \u00fatiles y pr\u00e1cticos para nuestra audiencia, \u00a1cosa que me encanta! Los viajes y la lectura son dos de mis grandes pasiones, \u00a1siempre me ver\u00e1s planeando el pr\u00f3ximo viaje con un buen libro bajo el brazo!\",\"url\":\"https:\\\/\\\/www.grupobillingham.com\\\/blog\\\/autor\\\/codes\\\/?m_bm=true\"}]}<\/script>\n<!-- \/ Yoast SEO plugin. -->","yoast_head_json":{"title":"Frases para Calendarios Personalizados: conecta con tus clientes","description":"Descubre las mejores frases para calendarios publicitarios que inspiran y fortalecen las relaciones con tus clientes.","robots":{"index":"index","follow":"follow","max-snippet":"max-snippet:-1","max-image-preview":"max-image-preview:large","max-video-preview":"max-video-preview:-1"},"canonical":"https:\/\/www.grupobillingham.com\/blog\/frases-calendarios\/","twitter_misc":{"Escrito por":"Cod\u00e9s","Tiempo de lectura":"5 minutos"},"schema":{"@context":"https:\/\/schema.org","@graph":[{"@type":"Article","@id":"https:\/\/www.grupobillingham.com\/blog\/frases-calendarios\/#article","isPartOf":{"@id":"https:\/\/www.grupobillingham.com\/blog\/frases-calendarios\/"},"author":{"name":"Cod\u00e9s","@id":"https:\/\/www.grupobillingham.com\/blog\/#\/schema\/person\/5a280e600b6a1540f8d5b8f4074b5383"},"headline":"Transforma tus calendarios publicitarios: ideas de frases que inspiran","datePublished":"2024-11-08T12:40:51+00:00","dateModified":"2026-04-28T23:05:26+00:00","mainEntityOfPage":{"@id":"https:\/\/www.grupobillingham.com\/blog\/frases-calendarios\/"},"wordCount":1117,"image":{"@id":"https:\/\/www.grupobillingham.com\/blog\/frases-calendarios\/#primaryimage"},"thumbnailUrl":"https:\/\/www.grupobillingham.com\/blog\/wp-content\/uploads\/2024\/10\/frases-personalizar-calendarios.jpg","articleSection":["Ideas e inspiraci\u00f3n por eventos"],"inLanguage":"es"},{"@type":"WebPage","@id":"https:\/\/www.grupobillingham.com\/blog\/frases-calendarios\/","url":"https:\/\/www.grupobillingham.com\/blog\/frases-calendarios\/","name":"Frases para Calendarios Personalizados: conecta con tus clientes","isPartOf":{"@id":"https:\/\/www.grupobillingham.com\/blog\/#website"},"primaryImageOfPage":{"@id":"https:\/\/www.grupobillingham.com\/blog\/frases-calendarios\/#primaryimage"},"image":{"@id":"https:\/\/www.grupobillingham.com\/blog\/frases-calendarios\/#primaryimage"},"thumbnailUrl":"https:\/\/www.grupobillingham.com\/blog\/wp-content\/uploads\/2024\/10\/frases-personalizar-calendarios.jpg","datePublished":"2024-11-08T12:40:51+00:00","dateModified":"2026-04-28T23:05:26+00:00","author":{"@id":"https:\/\/www.grupobillingham.com\/blog\/#\/schema\/person\/5a280e600b6a1540f8d5b8f4074b5383"},"description":"Descubre las mejores frases para calendarios publicitarios que inspiran y fortalecen las relaciones con tus clientes.","breadcrumb":{"@id":"https:\/\/www.grupobillingham.com\/blog\/frases-calendarios\/#breadcrumb"},"inLanguage":"es","potentialAction":[{"@type":"ReadAction","target":["https:\/\/www.grupobillingham.com\/blog\/frases-calendarios\/"]}]},{"@type":"ImageObject","inLanguage":"es","@id":"https:\/\/www.grupobillingham.com\/blog\/frases-calendarios\/#primaryimage","url":"https:\/\/www.grupobillingham.com\/blog\/wp-content\/uploads\/2024\/10\/frases-personalizar-calendarios.jpg","contentUrl":"https:\/\/www.grupobillingham.com\/blog\/wp-content\/uploads\/2024\/10\/frases-personalizar-calendarios.jpg","width":740,"height":410,"caption":"Frases para personalizar calendarios"},{"@type":"BreadcrumbList","@id":"https:\/\/www.grupobillingham.com\/blog\/frases-calendarios\/#breadcrumb","itemListElement":[{"@type":"ListItem","position":1,"name":"Portada","item":"https:\/\/www.grupobillingham.com\/blog\/"},{"@type":"ListItem","position":2,"name":"Transforma tus calendarios publicitarios: ideas de frases que inspiran"}]},{"@type":"WebSite","@id":"https:\/\/www.grupobillingham.com\/blog\/#website","url":"https:\/\/www.grupobillingham.com\/blog\/","name":"Ideas de regalos de empresa y merchandising Grupo Billingham","description":"Las mejores ideas de regalos de empresa y publicitarios de Grupo Billingham","potentialAction":[{"@type":"SearchAction","target":{"@type":"EntryPoint","urlTemplate":"https:\/\/www.grupobillingham.com\/blog\/?s={search_term_string}"},"query-input":{"@type":"PropertyValueSpecification","valueRequired":true,"valueName":"search_term_string"}}],"inLanguage":"es"},{"@type":"Person","@id":"https:\/\/www.grupobillingham.com\/blog\/#\/schema\/person\/5a280e600b6a1540f8d5b8f4074b5383","name":"Cod\u00e9s","image":{"@type":"ImageObject","inLanguage":"es","@id":"https:\/\/www.grupobillingham.com\/blog\/wp-content\/uploads\/2022\/08\/autora-codes.jpg","url":"https:\/\/www.grupobillingham.com\/blog\/wp-content\/uploads\/2022\/08\/autora-codes.jpg","contentUrl":"https:\/\/www.grupobillingham.com\/blog\/wp-content\/uploads\/2022\/08\/autora-codes.jpg","caption":"Cod\u00e9s"},"description":"Mi nombre es Cod\u00e9s (lo s\u00e9, nombre peculiar donde los haya), soy publicista de formaci\u00f3n y copywriter de profesi\u00f3n. En esta etapa laboral he tenido la suerte de dar con Grupo Billingham, una de las empresas de referencia en el sector de los regalos personalizados y art\u00edculos publicitarios. Aqu\u00ed me encargo de crear art\u00edculos relacionados con los regalos publicitarios, personalizados y de merchandising con el objetivo de que sean \u00fatiles y pr\u00e1cticos para nuestra audiencia, \u00a1cosa que me encanta! Los viajes y la lectura son dos de mis grandes pasiones, \u00a1siempre me ver\u00e1s planeando el pr\u00f3ximo viaje con un buen libro bajo el brazo!","url":"https:\/\/www.grupobillingham.com\/blog\/autor\/codes\/?m_bm=true"}]}},"featured_media_src_url":"https:\/\/www.grupobillingham.com\/blog\/wp-content\/uploads\/2024\/10\/frases-personalizar-calendarios.jpg","_links":{"self":[{"href":"https:\/\/www.grupobillingham.com\/blog\/wp-json\/wp\/v2\/posts\/7347","targetHints":{"allow":["GET"]}}],"collection":[{"href":"https:\/\/www.grupobillingham.com\/blog\/wp-json\/wp\/v2\/posts"}],"about":[{"href":"https:\/\/www.grupobillingham.com\/blog\/wp-json\/wp\/v2\/types\/post"}],"author":[{"embeddable":true,"href":"https:\/\/www.grupobillingham.com\/blog\/wp-json\/wp\/v2\/users\/10"}],"replies":[{"embeddable":true,"href":"https:\/\/www.grupobillingham.com\/blog\/wp-json\/wp\/v2\/comments?post=7347"}],"version-history":[{"count":6,"href":"https:\/\/www.grupobillingham.com\/blog\/wp-json\/wp\/v2\/posts\/7347\/revisions"}],"predecessor-version":[{"id":9391,"href":"https:\/\/www.grupobillingham.com\/blog\/wp-json\/wp\/v2\/posts\/7347\/revisions\/9391"}],"wp:featuredmedia":[{"embeddable":true,"href":"https:\/\/www.grupobillingham.com\/blog\/wp-json\/wp\/v2\/media\/7351"}],"wp:attachment":[{"href":"https:\/\/www.grupobillingham.com\/blog\/wp-json\/wp\/v2\/media?parent=7347"}],"wp:term":[{"taxonomy":"category","embeddable":true,"href":"https:\/\/www.grupobillingham.com\/blog\/wp-json\/wp\/v2\/categories?post=7347"},{"taxonomy":"post_tag","embeddable":true,"href":"https:\/\/www.grupobillingham.com\/blog\/wp-json\/wp\/v2\/tags?post=7347"}],"curies":[{"name":"wp","href":"https:\/\/api.w.org\/{rel}","templated":true}]}}