{"id":1754,"date":"2021-01-15T10:58:12","date_gmt":"2021-01-15T10:58:12","guid":{"rendered":"https:\/\/www.grupobillingham.com\/blog\/?p=1754"},"modified":"2023-10-25T10:19:49","modified_gmt":"2023-10-25T10:19:49","slug":"mascarillas-reutilizables-posible-solucion-generacion-residuos-en-tiempos-covid-19","status":"publish","type":"post","link":"https:\/\/www.grupobillingham.com\/blog\/mascarillas-reutilizables-posible-solucion-generacion-residuos-en-tiempos-covid-19\/","title":{"rendered":"Las mascarillas reutilizables, una posible soluci\u00f3n a la generaci\u00f3n de residuos en tiempos de Covid-19"},"content":{"rendered":"<p>Todos hemos visto mascarillas y guantes por el suelo, en el parque y tambi\u00e9n en la playa. Aunque los debemos usar de forma obligatoria, tales productos de protecci\u00f3n frente a la Covid-19 est\u00e1n siendo un <strong>problema de contaminaci\u00f3n medioambiental<\/strong>, de ah\u00ed que se recomienden las <strong>mascarillas reutilizables<\/strong> y conozcamos d\u00f3nde desechar de forma correcta las que no lo son.<!--more--><\/p>\n<h2>El impacto medioambiental de los residuos de la pandemia<\/h2>\n<p>Cuando tiramos una mascarilla higi\u00e9nica, que usan muchas personas que est\u00e1n sanas, en la calle o dentro de un <img loading=\"lazy\" decoding=\"async\" class=\"wp-image-1757 alignright\" src=\"https:\/\/www.grupobillingham.com\/blog\/wp-content\/uploads\/2021\/01\/mascarillas-tirarlas.jpg\" alt=\"mascarillas reutilizables\" width=\"325\" height=\"229\" srcset=\"https:\/\/www.grupobillingham.com\/blog\/wp-content\/uploads\/2021\/01\/mascarillas-tirarlas.jpg 671w, https:\/\/www.grupobillingham.com\/blog\/wp-content\/uploads\/2021\/01\/mascarillas-tirarlas-300x211.jpg 300w\" sizes=\"auto, (max-width: 325px) 100vw, 325px\" \/>entorno natural, <strong>tarda en degradarse entre 300 y 400 a\u00f1os<\/strong>. Eso es mucho tiempo y supone un importante impacto medioambiental que debemos solventar para salvaguardar nuestro Planeta.<\/p>\n<p>Adem\u00e1s, y seg\u00fan un estudio de la ONG WWF, si el 1% de las mascarillas que se utilizan se desechan mal, tenemos 10 millones de mascarillas al mes que est\u00e1n contaminando nuestro \u00a0medio ambiente.<\/p>\n<h2>Las mascarillas reutilizables, una de las soluciones a la generaci\u00f3n de residuos<\/h2>\n<p>De ah\u00ed que para promover el buen uso de mascarillas a la hora de desecharlas, los Ministerios para la Transici\u00f3n Ecol\u00f3gica y el Reto Demogr\u00e1fico y de Consumo lanzaron hace unos meses la campa\u00f1a de concienciaci\u00f3n ciudadana \u201c<strong>Recuerdos inolvidables. La mascarilla es para ti, no para la naturaleza<\/strong>\u201d.<\/p>\n<p>El ministro de Consumo, Alberto Garz\u00f3n, hizo un llamamiento para ser responsable en la compra, uso y deshecho de las mascarillas. Aconsej\u00f3 el uso de las mascarillas reutilizables, como las <a href=\"https:\/\/www.grupobillingham.com\/mascarillas-tela-homologadas\">mascarillas de tela homologadas<\/a> (con las normas de especificaci\u00f3n UNE 0065) que permiten reducir la cantidad de residuos generados.<\/p>\n<p><img loading=\"lazy\" decoding=\"async\" class=\"alignnone wp-image-1632 aligncenter\" src=\"https:\/\/www.grupobillingham.com\/blog\/wp-content\/uploads\/2020\/12\/errores-poner-mascarilla-300x162.jpg\" alt=\"errores al colocar y usar mascarillas\" width=\"522\" height=\"282\" srcset=\"https:\/\/www.grupobillingham.com\/blog\/wp-content\/uploads\/2020\/12\/errores-poner-mascarilla-300x162.jpg 300w, https:\/\/www.grupobillingham.com\/blog\/wp-content\/uploads\/2020\/12\/errores-poner-mascarilla-1024x553.jpg 1024w, https:\/\/www.grupobillingham.com\/blog\/wp-content\/uploads\/2020\/12\/errores-poner-mascarilla-768x414.jpg 768w, https:\/\/www.grupobillingham.com\/blog\/wp-content\/uploads\/2020\/12\/errores-poner-mascarilla.jpg 1160w\" sizes=\"auto, (max-width: 522px) 100vw, 522px\" \/><\/p>\n<p>Las mascarillas higi\u00e9nicas son recomendadas por el ministerio de Sanidad para la poblaci\u00f3n sana y que no est\u00e9 en contacto con el virus. Y sabemos que las <strong>mascarillas higi\u00e9nicas<\/strong> pueden, en su mayor\u00eda, reutilizarse con varios lavados, por lo que duran m\u00e1s y no son un perjuicio para el medio ambiente.<\/p>\n<p>Adem\u00e1s, las <strong>mascarillas reutilizables son de materiales y dise\u00f1os diversos<\/strong>; hay distintas tallas y se indican tambi\u00e9n para ni\u00f1os.<\/p>\n<div>\n<h2>Podr\u00eda interesarte:<\/h2>\n<div style=\"margin-top: 20px;\">\n<p><a title=\"Mascarilla reutilizable ecol\u00f3gica\" href=\"https:\/\/www.grupobillingham.com\/mascarilla-personalizada-fullprint-de-alta-gama-homologada\"><img loading=\"lazy\" decoding=\"async\" class=\"aligncenter\" src=\"https:\/\/www.grupobillingham.com\/images\/92\/99\/3a48d214db95303c2e6d7963a1da\/1024-768-6\/0.jpg\" width=\"451\" height=\"338\" \/><\/a><\/p>\n<p class=\"text-center\">Mascarilla reutilizable ecol\u00f3gica<\/p>\n<p class=\"text-center\"><strong>desde 3.13\u20ac<\/strong><\/p>\n<p class=\"text-center\"><a style=\"text-decoration: none; color: white; font-size: 12px; font-weight: bold; padding: 10px 33px; background-color: #57ae57; display: inline-block; box-shadow: 1px 2px 5px #666; margin-bottom: 15px;\" href=\"https:\/\/www.grupobillingham.com\/mascarilla-personalizada-fullprint-de-alta-gama-homologada\">VER PRODUCTO &gt;<\/a><\/p>\n<\/div>\n<\/div>\n<p>&nbsp;<\/p>\n<h3>\u00bfC\u00f3mo desechar correctamente las mascarillas no reutilizables?<\/h3>\n<p>Las <a href=\"https:\/\/www.grupobillingham.com\/mascarillas-desechables\">mascarillas quir\u00fargicas homologadas<\/a> y las EPI, que engloban las <a href=\"https:\/\/www.grupobillingham.com\/mascarillas-ffp2-homologadas\">mascarillas FFP2 baratas<\/a>, no son reutilizables y deben desecharse una vez acabado su uso. Aunque protegen m\u00e1s, supone un <strong>mayor gasto en estos equipos de protecci\u00f3n y sanitarios<\/strong>, y est\u00e1n destinadas a evitar que el personal sanitario y los\u00a0 pacientes\u00a0 infectados\u00a0 (o\u00a0 sospechosos\u00a0 de\u00a0 estarlo) transmitan agentes infecciosos, y tambi\u00e9n est\u00e1n recomendadas para grupos vulnerables por indicaci\u00f3n m\u00e9dica, seg\u00fan informa Sanidad.<\/p>\n<p><img loading=\"lazy\" decoding=\"async\" class=\" wp-image-1712 aligncenter\" src=\"https:\/\/www.grupobillingham.com\/blog\/wp-content\/uploads\/2020\/12\/como-tirar-mascarillas-quirurgicas-300x169.jpg\" alt=\"\" width=\"399\" height=\"225\" srcset=\"https:\/\/www.grupobillingham.com\/blog\/wp-content\/uploads\/2020\/12\/como-tirar-mascarillas-quirurgicas-300x169.jpg 300w, https:\/\/www.grupobillingham.com\/blog\/wp-content\/uploads\/2020\/12\/como-tirar-mascarillas-quirurgicas-1024x577.jpg 1024w, https:\/\/www.grupobillingham.com\/blog\/wp-content\/uploads\/2020\/12\/como-tirar-mascarillas-quirurgicas-768x432.jpg 768w, https:\/\/www.grupobillingham.com\/blog\/wp-content\/uploads\/2020\/12\/como-tirar-mascarillas-quirurgicas.jpg 1254w\" sizes=\"auto, (max-width: 399px) 100vw, 399px\" \/><\/p>\n<p>Por tanto estas mascarillas deben <strong><a href=\"https:\/\/www.grupobillingham.com\/blog\/como-desechar-correctamente-mascarillas-quirurgicas-ffp2\/\">desecharse correctamente<\/a> en el contenedor de color gris<\/strong> no en uno que est\u00e9 destinado al reciclaje como el aarillo o el azul. Lo ideal es tirar las mascarillas quir\u00fargicas y FFP2 usadas dentro de una bolsa de pl\u00e1stico y luego dentro del contenedor gris que todos usamos a diario.<\/p>\n","protected":false},"excerpt":{"rendered":"<p>Todos hemos visto mascarillas y guantes por el suelo, en el parque y tambi\u00e9n en la playa. Aunque los debemos usar de forma obligatoria, tales productos de protecci\u00f3n frente a la Covid-19 est\u00e1n siendo un problema de contaminaci\u00f3n medioambiental, de ah\u00ed que se recomienden las mascarillas reutilizables y conozcamos d\u00f3nde desechar de forma correcta las [&hellip;]<\/p>\n","protected":false},"author":4,"featured_media":1844,"comment_status":"closed","ping_status":"open","sticky":false,"template":"","format":"standard","meta":{"footnotes":""},"categories":[74],"tags":[],"class_list":["post-1754","post","type-post","status-publish","format-standard","has-post-thumbnail","hentry","category-guias-de-compra-y-materiales"],"yoast_head":"<!-- This site is optimized with the Yoast SEO plugin v27.4 - https:\/\/yoast.com\/product\/yoast-seo-wordpress\/ -->\n<title>Las mascarillas reutilizables, una posible soluci\u00f3n a la generaci\u00f3n de residuos en tiempos de Covid-19<\/title>\n<meta name=\"description\" content=\"Las mascarillas desechables, aunque nos protegen, son un problema de contaminaci\u00f3n medioambiental. Pero \u00bfcual es la soluci\u00f3n? Desc\u00fabrela aqu\u00ed.\" \/>\n<meta name=\"robots\" content=\"index, follow, max-snippet:-1, max-image-preview:large, max-video-preview:-1\" \/>\n<link rel=\"canonical\" href=\"https:\/\/www.grupobillingham.com\/blog\/mascarillas-reutilizables-posible-solucion-generacion-residuos-en-tiempos-covid-19\/\" \/>\n<meta name=\"twitter:label1\" content=\"Escrito por\" \/>\n\t<meta name=\"twitter:data1\" content=\"Iara\" \/>\n\t<meta name=\"twitter:label2\" content=\"Tiempo de lectura\" \/>\n\t<meta name=\"twitter:data2\" content=\"3 minutos\" \/>\n<script type=\"application\/ld+json\" class=\"yoast-schema-graph\">{\"@context\":\"https:\\\/\\\/schema.org\",\"@graph\":[{\"@type\":\"Article\",\"@id\":\"https:\\\/\\\/www.grupobillingham.com\\\/blog\\\/mascarillas-reutilizables-posible-solucion-generacion-residuos-en-tiempos-covid-19\\\/#article\",\"isPartOf\":{\"@id\":\"https:\\\/\\\/www.grupobillingham.com\\\/blog\\\/mascarillas-reutilizables-posible-solucion-generacion-residuos-en-tiempos-covid-19\\\/\"},\"author\":{\"name\":\"Iara\",\"@id\":\"https:\\\/\\\/www.grupobillingham.com\\\/blog\\\/#\\\/schema\\\/person\\\/7ebc51e85d468a2301cbdeee1eb9cd6e\"},\"headline\":\"Las mascarillas reutilizables, una posible soluci\u00f3n a la generaci\u00f3n de residuos en tiempos de Covid-19\",\"datePublished\":\"2021-01-15T10:58:12+00:00\",\"dateModified\":\"2023-10-25T10:19:49+00:00\",\"mainEntityOfPage\":{\"@id\":\"https:\\\/\\\/www.grupobillingham.com\\\/blog\\\/mascarillas-reutilizables-posible-solucion-generacion-residuos-en-tiempos-covid-19\\\/\"},\"wordCount\":523,\"image\":{\"@id\":\"https:\\\/\\\/www.grupobillingham.com\\\/blog\\\/mascarillas-reutilizables-posible-solucion-generacion-residuos-en-tiempos-covid-19\\\/#primaryimage\"},\"thumbnailUrl\":\"https:\\\/\\\/www.grupobillingham.com\\\/blog\\\/wp-content\\\/uploads\\\/2021\\\/01\\\/mascarillas-reutilizables-solucion-generacion-residuos.jpg\",\"articleSection\":[\"Gu\u00edas de compra y materiales\"],\"inLanguage\":\"es\"},{\"@type\":\"WebPage\",\"@id\":\"https:\\\/\\\/www.grupobillingham.com\\\/blog\\\/mascarillas-reutilizables-posible-solucion-generacion-residuos-en-tiempos-covid-19\\\/\",\"url\":\"https:\\\/\\\/www.grupobillingham.com\\\/blog\\\/mascarillas-reutilizables-posible-solucion-generacion-residuos-en-tiempos-covid-19\\\/\",\"name\":\"Las mascarillas reutilizables, una posible soluci\u00f3n a la generaci\u00f3n de residuos en tiempos de Covid-19\",\"isPartOf\":{\"@id\":\"https:\\\/\\\/www.grupobillingham.com\\\/blog\\\/#website\"},\"primaryImageOfPage\":{\"@id\":\"https:\\\/\\\/www.grupobillingham.com\\\/blog\\\/mascarillas-reutilizables-posible-solucion-generacion-residuos-en-tiempos-covid-19\\\/#primaryimage\"},\"image\":{\"@id\":\"https:\\\/\\\/www.grupobillingham.com\\\/blog\\\/mascarillas-reutilizables-posible-solucion-generacion-residuos-en-tiempos-covid-19\\\/#primaryimage\"},\"thumbnailUrl\":\"https:\\\/\\\/www.grupobillingham.com\\\/blog\\\/wp-content\\\/uploads\\\/2021\\\/01\\\/mascarillas-reutilizables-solucion-generacion-residuos.jpg\",\"datePublished\":\"2021-01-15T10:58:12+00:00\",\"dateModified\":\"2023-10-25T10:19:49+00:00\",\"author\":{\"@id\":\"https:\\\/\\\/www.grupobillingham.com\\\/blog\\\/#\\\/schema\\\/person\\\/7ebc51e85d468a2301cbdeee1eb9cd6e\"},\"description\":\"Las mascarillas desechables, aunque nos protegen, son un problema de contaminaci\u00f3n medioambiental. Pero \u00bfcual es la soluci\u00f3n? Desc\u00fabrela aqu\u00ed.\",\"breadcrumb\":{\"@id\":\"https:\\\/\\\/www.grupobillingham.com\\\/blog\\\/mascarillas-reutilizables-posible-solucion-generacion-residuos-en-tiempos-covid-19\\\/#breadcrumb\"},\"inLanguage\":\"es\",\"potentialAction\":[{\"@type\":\"ReadAction\",\"target\":[\"https:\\\/\\\/www.grupobillingham.com\\\/blog\\\/mascarillas-reutilizables-posible-solucion-generacion-residuos-en-tiempos-covid-19\\\/\"]}]},{\"@type\":\"ImageObject\",\"inLanguage\":\"es\",\"@id\":\"https:\\\/\\\/www.grupobillingham.com\\\/blog\\\/mascarillas-reutilizables-posible-solucion-generacion-residuos-en-tiempos-covid-19\\\/#primaryimage\",\"url\":\"https:\\\/\\\/www.grupobillingham.com\\\/blog\\\/wp-content\\\/uploads\\\/2021\\\/01\\\/mascarillas-reutilizables-solucion-generacion-residuos.jpg\",\"contentUrl\":\"https:\\\/\\\/www.grupobillingham.com\\\/blog\\\/wp-content\\\/uploads\\\/2021\\\/01\\\/mascarillas-reutilizables-solucion-generacion-residuos.jpg\",\"width\":1201,\"height\":742},{\"@type\":\"BreadcrumbList\",\"@id\":\"https:\\\/\\\/www.grupobillingham.com\\\/blog\\\/mascarillas-reutilizables-posible-solucion-generacion-residuos-en-tiempos-covid-19\\\/#breadcrumb\",\"itemListElement\":[{\"@type\":\"ListItem\",\"position\":1,\"name\":\"Portada\",\"item\":\"https:\\\/\\\/www.grupobillingham.com\\\/blog\\\/\"},{\"@type\":\"ListItem\",\"position\":2,\"name\":\"Las mascarillas reutilizables, una posible soluci\u00f3n a la generaci\u00f3n de residuos en tiempos de Covid-19\"}]},{\"@type\":\"WebSite\",\"@id\":\"https:\\\/\\\/www.grupobillingham.com\\\/blog\\\/#website\",\"url\":\"https:\\\/\\\/www.grupobillingham.com\\\/blog\\\/\",\"name\":\"Ideas de regalos de empresa y merchandising Grupo Billingham\",\"description\":\"Las mejores ideas de regalos de empresa y publicitarios de Grupo Billingham\",\"potentialAction\":[{\"@type\":\"SearchAction\",\"target\":{\"@type\":\"EntryPoint\",\"urlTemplate\":\"https:\\\/\\\/www.grupobillingham.com\\\/blog\\\/?s={search_term_string}\"},\"query-input\":{\"@type\":\"PropertyValueSpecification\",\"valueRequired\":true,\"valueName\":\"search_term_string\"}}],\"inLanguage\":\"es\"},{\"@type\":\"Person\",\"@id\":\"https:\\\/\\\/www.grupobillingham.com\\\/blog\\\/#\\\/schema\\\/person\\\/7ebc51e85d468a2301cbdeee1eb9cd6e\",\"name\":\"Iara\",\"image\":{\"@type\":\"ImageObject\",\"inLanguage\":\"es\",\"@id\":\"https:\\\/\\\/www.grupobillingham.com\\\/blog\\\/wp-content\\\/uploads\\\/2022\\\/08\\\/autora-iara.jpg\",\"url\":\"https:\\\/\\\/www.grupobillingham.com\\\/blog\\\/wp-content\\\/uploads\\\/2022\\\/08\\\/autora-iara.jpg\",\"contentUrl\":\"https:\\\/\\\/www.grupobillingham.com\\\/blog\\\/wp-content\\\/uploads\\\/2022\\\/08\\\/autora-iara.jpg\",\"caption\":\"Iara\"},\"description\":\"\u00a1Hola! Si has llegado hasta aqu\u00ed, seguramente te interese saber m\u00e1s sobre m\u00ed. Me presento: soy Iara, me especializo en la creaci\u00f3n de contenidos, el Online Marketing y la usabilidad. En Grupo Billingham creo contenido sobre las tendencias en regalos publicitarios, las novedades de nuestro cat\u00e1logo, sostenibilidad en el sector de los regalos de empresa, etc. Por supuesto, mi gran hobby es escribir, pero tambi\u00e9n disfruto de hacer cualquier tipo de deporte (volley, yoga, boxeo, senderismo\u2026) y de viajar. Ahora que ya sabes m\u00e1s de m\u00ed, te animo a leer algunos de los siguientes art\u00edculos.\",\"url\":\"https:\\\/\\\/www.grupobillingham.com\\\/blog\\\/autor\\\/iara\\\/?m_bm=true\"}]}<\/script>\n<!-- \/ Yoast SEO plugin. -->","yoast_head_json":{"title":"Las mascarillas reutilizables, una posible soluci\u00f3n a la generaci\u00f3n de residuos en tiempos de Covid-19","description":"Las mascarillas desechables, aunque nos protegen, son un problema de contaminaci\u00f3n medioambiental. Pero \u00bfcual es la soluci\u00f3n? Desc\u00fabrela aqu\u00ed.","robots":{"index":"index","follow":"follow","max-snippet":"max-snippet:-1","max-image-preview":"max-image-preview:large","max-video-preview":"max-video-preview:-1"},"canonical":"https:\/\/www.grupobillingham.com\/blog\/mascarillas-reutilizables-posible-solucion-generacion-residuos-en-tiempos-covid-19\/","twitter_misc":{"Escrito por":"Iara","Tiempo de lectura":"3 minutos"},"schema":{"@context":"https:\/\/schema.org","@graph":[{"@type":"Article","@id":"https:\/\/www.grupobillingham.com\/blog\/mascarillas-reutilizables-posible-solucion-generacion-residuos-en-tiempos-covid-19\/#article","isPartOf":{"@id":"https:\/\/www.grupobillingham.com\/blog\/mascarillas-reutilizables-posible-solucion-generacion-residuos-en-tiempos-covid-19\/"},"author":{"name":"Iara","@id":"https:\/\/www.grupobillingham.com\/blog\/#\/schema\/person\/7ebc51e85d468a2301cbdeee1eb9cd6e"},"headline":"Las mascarillas reutilizables, una posible soluci\u00f3n a la generaci\u00f3n de residuos en tiempos de Covid-19","datePublished":"2021-01-15T10:58:12+00:00","dateModified":"2023-10-25T10:19:49+00:00","mainEntityOfPage":{"@id":"https:\/\/www.grupobillingham.com\/blog\/mascarillas-reutilizables-posible-solucion-generacion-residuos-en-tiempos-covid-19\/"},"wordCount":523,"image":{"@id":"https:\/\/www.grupobillingham.com\/blog\/mascarillas-reutilizables-posible-solucion-generacion-residuos-en-tiempos-covid-19\/#primaryimage"},"thumbnailUrl":"https:\/\/www.grupobillingham.com\/blog\/wp-content\/uploads\/2021\/01\/mascarillas-reutilizables-solucion-generacion-residuos.jpg","articleSection":["Gu\u00edas de compra y materiales"],"inLanguage":"es"},{"@type":"WebPage","@id":"https:\/\/www.grupobillingham.com\/blog\/mascarillas-reutilizables-posible-solucion-generacion-residuos-en-tiempos-covid-19\/","url":"https:\/\/www.grupobillingham.com\/blog\/mascarillas-reutilizables-posible-solucion-generacion-residuos-en-tiempos-covid-19\/","name":"Las mascarillas reutilizables, una posible soluci\u00f3n a la generaci\u00f3n de residuos en tiempos de Covid-19","isPartOf":{"@id":"https:\/\/www.grupobillingham.com\/blog\/#website"},"primaryImageOfPage":{"@id":"https:\/\/www.grupobillingham.com\/blog\/mascarillas-reutilizables-posible-solucion-generacion-residuos-en-tiempos-covid-19\/#primaryimage"},"image":{"@id":"https:\/\/www.grupobillingham.com\/blog\/mascarillas-reutilizables-posible-solucion-generacion-residuos-en-tiempos-covid-19\/#primaryimage"},"thumbnailUrl":"https:\/\/www.grupobillingham.com\/blog\/wp-content\/uploads\/2021\/01\/mascarillas-reutilizables-solucion-generacion-residuos.jpg","datePublished":"2021-01-15T10:58:12+00:00","dateModified":"2023-10-25T10:19:49+00:00","author":{"@id":"https:\/\/www.grupobillingham.com\/blog\/#\/schema\/person\/7ebc51e85d468a2301cbdeee1eb9cd6e"},"description":"Las mascarillas desechables, aunque nos protegen, son un problema de contaminaci\u00f3n medioambiental. Pero \u00bfcual es la soluci\u00f3n? Desc\u00fabrela aqu\u00ed.","breadcrumb":{"@id":"https:\/\/www.grupobillingham.com\/blog\/mascarillas-reutilizables-posible-solucion-generacion-residuos-en-tiempos-covid-19\/#breadcrumb"},"inLanguage":"es","potentialAction":[{"@type":"ReadAction","target":["https:\/\/www.grupobillingham.com\/blog\/mascarillas-reutilizables-posible-solucion-generacion-residuos-en-tiempos-covid-19\/"]}]},{"@type":"ImageObject","inLanguage":"es","@id":"https:\/\/www.grupobillingham.com\/blog\/mascarillas-reutilizables-posible-solucion-generacion-residuos-en-tiempos-covid-19\/#primaryimage","url":"https:\/\/www.grupobillingham.com\/blog\/wp-content\/uploads\/2021\/01\/mascarillas-reutilizables-solucion-generacion-residuos.jpg","contentUrl":"https:\/\/www.grupobillingham.com\/blog\/wp-content\/uploads\/2021\/01\/mascarillas-reutilizables-solucion-generacion-residuos.jpg","width":1201,"height":742},{"@type":"BreadcrumbList","@id":"https:\/\/www.grupobillingham.com\/blog\/mascarillas-reutilizables-posible-solucion-generacion-residuos-en-tiempos-covid-19\/#breadcrumb","itemListElement":[{"@type":"ListItem","position":1,"name":"Portada","item":"https:\/\/www.grupobillingham.com\/blog\/"},{"@type":"ListItem","position":2,"name":"Las mascarillas reutilizables, una posible soluci\u00f3n a la generaci\u00f3n de residuos en tiempos de Covid-19"}]},{"@type":"WebSite","@id":"https:\/\/www.grupobillingham.com\/blog\/#website","url":"https:\/\/www.grupobillingham.com\/blog\/","name":"Ideas de regalos de empresa y merchandising Grupo Billingham","description":"Las mejores ideas de regalos de empresa y publicitarios de Grupo Billingham","potentialAction":[{"@type":"SearchAction","target":{"@type":"EntryPoint","urlTemplate":"https:\/\/www.grupobillingham.com\/blog\/?s={search_term_string}"},"query-input":{"@type":"PropertyValueSpecification","valueRequired":true,"valueName":"search_term_string"}}],"inLanguage":"es"},{"@type":"Person","@id":"https:\/\/www.grupobillingham.com\/blog\/#\/schema\/person\/7ebc51e85d468a2301cbdeee1eb9cd6e","name":"Iara","image":{"@type":"ImageObject","inLanguage":"es","@id":"https:\/\/www.grupobillingham.com\/blog\/wp-content\/uploads\/2022\/08\/autora-iara.jpg","url":"https:\/\/www.grupobillingham.com\/blog\/wp-content\/uploads\/2022\/08\/autora-iara.jpg","contentUrl":"https:\/\/www.grupobillingham.com\/blog\/wp-content\/uploads\/2022\/08\/autora-iara.jpg","caption":"Iara"},"description":"\u00a1Hola! Si has llegado hasta aqu\u00ed, seguramente te interese saber m\u00e1s sobre m\u00ed. Me presento: soy Iara, me especializo en la creaci\u00f3n de contenidos, el Online Marketing y la usabilidad. En Grupo Billingham creo contenido sobre las tendencias en regalos publicitarios, las novedades de nuestro cat\u00e1logo, sostenibilidad en el sector de los regalos de empresa, etc. Por supuesto, mi gran hobby es escribir, pero tambi\u00e9n disfruto de hacer cualquier tipo de deporte (volley, yoga, boxeo, senderismo\u2026) y de viajar. Ahora que ya sabes m\u00e1s de m\u00ed, te animo a leer algunos de los siguientes art\u00edculos.","url":"https:\/\/www.grupobillingham.com\/blog\/autor\/iara\/?m_bm=true"}]}},"featured_media_src_url":"https:\/\/www.grupobillingham.com\/blog\/wp-content\/uploads\/2021\/01\/mascarillas-reutilizables-solucion-generacion-residuos-1024x633.jpg","_links":{"self":[{"href":"https:\/\/www.grupobillingham.com\/blog\/wp-json\/wp\/v2\/posts\/1754","targetHints":{"allow":["GET"]}}],"collection":[{"href":"https:\/\/www.grupobillingham.com\/blog\/wp-json\/wp\/v2\/posts"}],"about":[{"href":"https:\/\/www.grupobillingham.com\/blog\/wp-json\/wp\/v2\/types\/post"}],"author":[{"embeddable":true,"href":"https:\/\/www.grupobillingham.com\/blog\/wp-json\/wp\/v2\/users\/4"}],"replies":[{"embeddable":true,"href":"https:\/\/www.grupobillingham.com\/blog\/wp-json\/wp\/v2\/comments?post=1754"}],"version-history":[{"count":0,"href":"https:\/\/www.grupobillingham.com\/blog\/wp-json\/wp\/v2\/posts\/1754\/revisions"}],"wp:featuredmedia":[{"embeddable":true,"href":"https:\/\/www.grupobillingham.com\/blog\/wp-json\/wp\/v2\/media\/1844"}],"wp:attachment":[{"href":"https:\/\/www.grupobillingham.com\/blog\/wp-json\/wp\/v2\/media?parent=1754"}],"wp:term":[{"taxonomy":"category","embeddable":true,"href":"https:\/\/www.grupobillingham.com\/blog\/wp-json\/wp\/v2\/categories?post=1754"},{"taxonomy":"post_tag","embeddable":true,"href":"https:\/\/www.grupobillingham.com\/blog\/wp-json\/wp\/v2\/tags?post=1754"}],"curies":[{"name":"wp","href":"https:\/\/api.w.org\/{rel}","templated":true}]}}