{"id":1733,"date":"2021-01-08T11:06:53","date_gmt":"2021-01-08T11:06:53","guid":{"rendered":"https:\/\/www.grupobillingham.com\/blog\/?p=1733"},"modified":"2022-08-19T07:48:24","modified_gmt":"2022-08-19T07:48:24","slug":"cuanto-duran-las-mascarillas-ffp2","status":"publish","type":"post","link":"https:\/\/www.grupobillingham.com\/blog\/cuanto-duran-las-mascarillas-ffp2\/","title":{"rendered":"\u00bfCu\u00e1nto duran las mascarillas FFP2?"},"content":{"rendered":"<p>Las mascarillas FFP2 son <strong>Equipos de Protecci\u00f3n Individual (EPI)<\/strong> y se recomiendan fundamentalmente para su empleo por profesionales para crear una barrera entre un riesgo potencial y el\u00a0 usuario.<\/p>\n<p>A su vez, pueden estar recomendadas para grupos vulnerables por indicaci\u00f3n m\u00e9dica. Sanidad recuerda que tienen como finalidad filtrar el aire inhalado evitando la entrada de part\u00edculas\u00a0contaminantes en\u00a0nuestro organismo, y que <a title=\"Mascarillas FFP2 vs higi\u00e9nicas \u00bfcu\u00e1les se recomiendan?\" href=\"https:\/\/www.grupobillingham.com\/blog\/mascarillas-ffp2-vs-higienicas-cuales-se-recomiendan\/\">las personas sanas es mejor que tengan mascarillas higi\u00e9nicas o de tela<\/a>. Pero, \u00bfsabes cu\u00e1nto duran las <a title=\"Comprar mascarillas FFP2\" href=\"https:\/\/www.grupobillingham.com\/mascarillas-ffp2-homologadas\">mascarillas FFP2 con certificado CE<\/a>?<br \/>\n<!--more--><\/p>\n<h2>Las mascarillas FFP2 \u00bfson reutilizables?<\/h2>\n<p><img loading=\"lazy\" decoding=\"async\" class=\" wp-image-1745 alignright\" src=\"https:\/\/www.grupobillingham.com\/blog\/wp-content\/uploads\/2020\/12\/mascarillas-ffp2-homologadas-300x300.jpg\" alt=\"Marcaje mascarillas FFP2 homologadas\" width=\"273\" height=\"273\" srcset=\"https:\/\/www.grupobillingham.com\/blog\/wp-content\/uploads\/2020\/12\/mascarillas-ffp2-homologadas-300x300.jpg 300w, https:\/\/www.grupobillingham.com\/blog\/wp-content\/uploads\/2020\/12\/mascarillas-ffp2-homologadas-150x150.jpg 150w, https:\/\/www.grupobillingham.com\/blog\/wp-content\/uploads\/2020\/12\/mascarillas-ffp2-homologadas-768x768.jpg 768w, https:\/\/www.grupobillingham.com\/blog\/wp-content\/uploads\/2020\/12\/mascarillas-ffp2-homologadas-60x60.jpg 60w, https:\/\/www.grupobillingham.com\/blog\/wp-content\/uploads\/2020\/12\/mascarillas-ffp2-homologadas.jpg 1000w\" sizes=\"auto, (max-width: 273px) 100vw, 273px\" \/><\/p>\n<p>En general, este tipo de mascarillas <strong>no son reutilizables<\/strong>, tampoco se pueden desinfectar ni lavar como sucede con<\/p>\n<p>las mascarillas de tela higi\u00e9nicas. Circulan por la red algunas formas de desinfectarlas, pero no es algo que est\u00e9 probado cient\u00edficamente y por lo tanto, no es recomendable hacerlo.<\/p>\n<p>Ahora bien, en el mercado <strong>encontramos las mascarillas FFP2 que llevan una R<\/strong>, y que por tanto son\u00a0reutilizables (pero hay muy pocas de este tipo). A diferencias de estas pocas reutilizables, la <strong>mayor\u00eda\u00a0de mascarillas FFP2 llevan el marcaje NR<\/strong> que indica que el producto es No Reutilizable.<\/p>\n<h3>Otras caracter\u00edsticas<\/h3>\n<p>Entre las caracter\u00edsticas de las mascarillas FFP2, destaca su dise\u00f1o del contorno 3D, con funci\u00f3n de pinza de nariz ajustable, filtra casi el 92% de part\u00edculas nocivas que provienen del exterior y <strong>cuentan con el marcado CE<\/strong>, seguido de cuatro n\u00fameros y la referencia a la norma UNE EN-149 que asegura su homologaci\u00f3n seg\u00fan esta norma.<\/p>\n<div>\n<h3>Productos que pueden interesarte:<\/h3>\n<div class=\"col-md-6\" style=\"margin-top: 20px;\">\n<p><a title=\"Mascarilla FFP2 negra\" href=\"https:\/\/www.grupobillingham.com\/mascarillas-desechables-ffp2-epi-mas-salvaorejas-con-grabado-ce\"><img decoding=\"async\" src=\"https:\/\/www.grupobillingham.com\/images\/1f\/01\/10df776572493f3007383702b05c\/1024-768-6\/0.jpg\" \/><\/a><\/p>\n<p class=\"text-center\">Mascarilla FFP2 negra homologada<\/p>\n<p class=\"text-center\"><strong>desde 0.11 \u20ac<\/strong><\/p>\n<p class=\"text-center\"><a style=\"text-decoration: none; color: white; font-size: 12px; font-weight: bold; padding: 10px 33px; background-color: #57ae57; display: inline-block; box-shadow: 1px 2px 5px #666; margin-bottom: 15px;\" href=\"https:\/\/www.grupobillingham.com\/mascarillas-desechables-ffp2-epi-mas-salvaorejas-con-grabado-ce\">VER PRODUCTO &gt;<\/a><\/p>\n<\/div>\n<div class=\"col-md-6\" style=\"margin-top: 20px;\">\n<p><a title=\"Mascarilla FFP2 blanca\" href=\"https:\/\/www.grupobillingham.com\/mascarillas-ffp2-homologadas-blancas-ce-epi-baratas-con-salvaorejas\"><img decoding=\"async\" src=\"https:\/\/www.grupobillingham.com\/images\/ee\/66\/58aa03841cb6a772eda47f85e340\/610-460-3\/0.jpg\" \/><\/a><\/p>\n<p class=\"text-center\">Mascarilla FFP2 blanca homologada<\/p>\n<p class=\"text-center\"><strong>desde 0.10 \u20ac<\/strong><\/p>\n<p class=\"text-center\"><a style=\"text-decoration: none; color: white; font-size: 12px; font-weight: bold; padding: 10px 33px; background-color: #57ae57; display: inline-block; box-shadow: 1px 2px 5px #666; margin-bottom: 15px;\" href=\"https:\/\/www.grupobillingham.com\/mascarillas-ffp2-homologadas-blancas-ce-epi-baratas-con-salvaorejas\">VER PRODUCTO &gt;<\/a><\/p>\n<\/div>\n<h2>\u00bfCu\u00e1nto tiempo puedo utilizarlas?<\/h2>\n<p>Como hemos especificado, las de marcaje R se pueden reutilizar, y cada fabricante especifica cu\u00e1nto tiempo hacerlo en su etiquetaje.<\/p>\n<p>Las mascarillas FFP2 no reutilizables (NR) tienen una duraci\u00f3n variable, tambi\u00e9n dependiendo del fabricante, por lo que<strong> debemos consultar las instrucciones o las indicaciones del producto.<\/strong> Ahora bien, cuando la notes h\u00fameda o sucia, (sea cual sea el tipo de la mascarilla FFP2 homologada), entonces hay que cambiarla.<\/p>\n<p><img loading=\"lazy\" decoding=\"async\" class=\"wp-image-1736 alignright\" src=\"https:\/\/www.grupobillingham.com\/blog\/wp-content\/uploads\/2020\/12\/mascarilla-de-colores2-1.jpg\" alt=\"mascarillas FFP2\" width=\"350\" height=\"433\" \/><\/p>\n<p>Por cuestiones de comodidad e higiene,<strong> Sanidad recomienda no usar la mascarilla durante m\u00e1s de 4 h<\/strong>. Pero depende de las instrucciones del fabricante, tales mascarillas suelen durar m\u00e1s que las quir\u00fargicas, sobre 8 a 12 horas. No es lo mismo usarla durante 4 horas seguidas, que usarla media hora para salir a comprar, en este segundo caso, se puede guardar para volver a utilizarla nuevamente, en el caso de que est\u00e9 perfecta.<\/p>\n<p>Si no estamos seguros de su uso y duraci\u00f3n, hay que mirar las instrucciones y preguntar en el establecimiento f\u00edsico o la tienda online sobre su duraci\u00f3n.<\/p>\n<h2>Preguntas frecuentes sobre cu\u00e1nto duran las mascarillas FFP2<\/h2>\n<p><script type=\"application\/ld+json\">{\"@context\":\"https:\/\/schema.org\",\"@type\":\"FAQPage\",\"mainEntity\":[{\"@type\":\"Question\",\"name\":\"\u00bfLas mascarillas FFP2 son reutilizables?\",\"acceptedAnswer\":{\"@type\":\"Answer\",\"text\":\"Si te preguntas si las mascarillas FFP2 son reutilizables, debe saber que, en general, no. Sin embargo, algunas de estas mascarillas incluyen en su marcaje una \u2018R\u2019 que indica que las mascarillas FPP2 son reutilizables.\"}},{\"@type\":\"Question\",\"name\":\"\u00bfC\u00f3mo son las mascarillas FFP2 reutilizables?\",\"acceptedAnswer\":{\"@type\":\"Answer\",\"text\":\"Para diferenciar las mascarillas FPP2 reutilizables de las que no lo son, debes observar si su marcaje muestra una \u2018R\u2019. En estos casos, las mascarillas FFP2 son reutilizables y podr\u00edas utilizarlas en m\u00e1s de una ocasi\u00f3n.\"}},{\"@type\":\"Question\",\"name\":\"\u00bfCu\u00e1nto tiempo dura una mascarilla FFP2?\",\"acceptedAnswer\":{\"@type\":\"Answer\",\"text\":\"Dependiendo del tipo de mascarilla y fabricante, el tiempo de cuanto dura una mascarilla puede ser diferente. Por eso, debes consultar las instrucciones de cada producto. Sin embargo, no se recomienda emplear las mascarillas FFP2 durante m\u00e1s de 4 horas. Por ello, la duraci\u00f3n de las mascarillas FPP2 se estima en ese plazo de tiempo.\"}},{\"@type\":\"Question\",\"name\":\"\u00bfCu\u00e1l es la duraci\u00f3n de las mascarillas FFP2?\",\"acceptedAnswer\":{\"@type\":\"Answer\",\"text\":\"La duraci\u00f3n de las mascarillas depende del tipo de cada una. Las autoridades sanitarias recomiendan usar las mascarillas sanitarias por un m\u00e1ximo de 8 horas, mientras que la duraci\u00f3n de las mascarillas FFP2 se sit\u00faa en 4 horas.\"}}]}<\/script><\/p>\n<h3>\u00bfLas mascarillas FFP2 son reutilizables?<\/h3>\n<p>Si te preguntas si las mascarillas FFP2 son reutilizables, debe saber que, en general, no. Sin embargo, algunas de estas mascarillas incluyen en su marcaje una \u2018R\u2019 que indica que las mascarillas FPP2 son reutilizables.<\/p>\n<h3>\u00bfC\u00f3mo son las mascarillas FFP2 reutilizables?<\/h3>\n<p>Para diferenciar las mascarillas FPP2 reutilizables de las que no lo son, debes observar si su marcaje muestra una \u2018R\u2019. En estos casos, las mascarillas FFP2 son reutilizables y podr\u00edas utilizarlas en m\u00e1s de una ocasi\u00f3n.<\/p>\n<h3>\u00bfCu\u00e1nto tiempo dura una mascarilla FFP2?<\/h3>\n<p>Dependiendo del tipo de mascarilla y fabricante, el tiempo de cuanto dura una mascarilla puede ser diferente. Por eso, debes consultar las instrucciones de cada producto. Sin embargo, no se recomienda emplear las mascarillas FFP2 durante m\u00e1s de 4 horas. Por ello, la duraci\u00f3n de las mascarillas FPP2 se estima en ese plazo de tiempo.<\/p>\n<h3>\u00bfCu\u00e1l es la duraci\u00f3n de las mascarillas FFP2?<\/h3>\n<p>La duraci\u00f3n de las mascarillas depende del tipo de cada una. Las autoridades sanitarias recomiendan usar las mascarillas sanitarias por un m\u00e1ximo de 8 horas, mientras que la duraci\u00f3n de las mascarillas FFP2 se sit\u00faa en 4 horas.<\/p>\n","protected":false},"excerpt":{"rendered":"<p>Las mascarillas FFP2 son Equipos de Protecci\u00f3n Individual (EPI) y se recomiendan fundamentalmente para su empleo por profesionales para crear una barrera entre un riesgo potencial y el\u00a0 usuario. A su vez, pueden estar recomendadas para grupos vulnerables por indicaci\u00f3n m\u00e9dica. Sanidad recuerda que tienen como finalidad filtrar el aire inhalado evitando la entrada de [&hellip;]<\/p>\n","protected":false},"author":4,"featured_media":1787,"comment_status":"closed","ping_status":"open","sticky":false,"template":"","format":"standard","meta":{"footnotes":""},"categories":[73],"tags":[],"class_list":["post-1733","post","type-post","status-publish","format-standard","has-post-thumbnail","hentry","category-cuidado-mantenimiento-y-curiosidades"],"yoast_head":"<!-- This site is optimized with the Yoast SEO plugin v27.4 - https:\/\/yoast.com\/product\/yoast-seo-wordpress\/ -->\n<title>\u00bfSabes realmente cu\u00e1nto duran las mascarillas FFP2?<\/title>\n<meta name=\"description\" content=\"\u00bfCu\u00e1nto tiempo duran las mascarillas FFP2? \u00bfSon reutilizables? En este art\u00edculo resolvemost tus dudas \u00a1no te lo pierdas!\" \/>\n<meta name=\"robots\" content=\"index, follow, max-snippet:-1, max-image-preview:large, max-video-preview:-1\" \/>\n<link rel=\"canonical\" href=\"https:\/\/www.grupobillingham.com\/blog\/cuanto-duran-las-mascarillas-ffp2\/\" \/>\n<meta name=\"twitter:label1\" content=\"Escrito por\" \/>\n\t<meta name=\"twitter:data1\" content=\"Iara\" \/>\n\t<meta name=\"twitter:label2\" content=\"Tiempo de lectura\" \/>\n\t<meta name=\"twitter:data2\" content=\"5 minutos\" \/>\n<script type=\"application\/ld+json\" class=\"yoast-schema-graph\">{\"@context\":\"https:\\\/\\\/schema.org\",\"@graph\":[{\"@type\":\"Article\",\"@id\":\"https:\\\/\\\/www.grupobillingham.com\\\/blog\\\/cuanto-duran-las-mascarillas-ffp2\\\/#article\",\"isPartOf\":{\"@id\":\"https:\\\/\\\/www.grupobillingham.com\\\/blog\\\/cuanto-duran-las-mascarillas-ffp2\\\/\"},\"author\":{\"name\":\"Iara\",\"@id\":\"https:\\\/\\\/www.grupobillingham.com\\\/blog\\\/#\\\/schema\\\/person\\\/7ebc51e85d468a2301cbdeee1eb9cd6e\"},\"headline\":\"\u00bfCu\u00e1nto duran las mascarillas FFP2?\",\"datePublished\":\"2021-01-08T11:06:53+00:00\",\"dateModified\":\"2022-08-19T07:48:24+00:00\",\"mainEntityOfPage\":{\"@id\":\"https:\\\/\\\/www.grupobillingham.com\\\/blog\\\/cuanto-duran-las-mascarillas-ffp2\\\/\"},\"wordCount\":672,\"image\":{\"@id\":\"https:\\\/\\\/www.grupobillingham.com\\\/blog\\\/cuanto-duran-las-mascarillas-ffp2\\\/#primaryimage\"},\"thumbnailUrl\":\"https:\\\/\\\/www.grupobillingham.com\\\/blog\\\/wp-content\\\/uploads\\\/2020\\\/12\\\/cuanto-duran-mascarillas-ffp2.jpg\",\"articleSection\":[\"Cuidado, mantenimiento y curiosidades\"],\"inLanguage\":\"es\"},{\"@type\":\"WebPage\",\"@id\":\"https:\\\/\\\/www.grupobillingham.com\\\/blog\\\/cuanto-duran-las-mascarillas-ffp2\\\/\",\"url\":\"https:\\\/\\\/www.grupobillingham.com\\\/blog\\\/cuanto-duran-las-mascarillas-ffp2\\\/\",\"name\":\"\u00bfSabes realmente cu\u00e1nto duran las mascarillas FFP2?\",\"isPartOf\":{\"@id\":\"https:\\\/\\\/www.grupobillingham.com\\\/blog\\\/#website\"},\"primaryImageOfPage\":{\"@id\":\"https:\\\/\\\/www.grupobillingham.com\\\/blog\\\/cuanto-duran-las-mascarillas-ffp2\\\/#primaryimage\"},\"image\":{\"@id\":\"https:\\\/\\\/www.grupobillingham.com\\\/blog\\\/cuanto-duran-las-mascarillas-ffp2\\\/#primaryimage\"},\"thumbnailUrl\":\"https:\\\/\\\/www.grupobillingham.com\\\/blog\\\/wp-content\\\/uploads\\\/2020\\\/12\\\/cuanto-duran-mascarillas-ffp2.jpg\",\"datePublished\":\"2021-01-08T11:06:53+00:00\",\"dateModified\":\"2022-08-19T07:48:24+00:00\",\"author\":{\"@id\":\"https:\\\/\\\/www.grupobillingham.com\\\/blog\\\/#\\\/schema\\\/person\\\/7ebc51e85d468a2301cbdeee1eb9cd6e\"},\"description\":\"\u00bfCu\u00e1nto tiempo duran las mascarillas FFP2? \u00bfSon reutilizables? En este art\u00edculo resolvemost tus dudas \u00a1no te lo pierdas!\",\"breadcrumb\":{\"@id\":\"https:\\\/\\\/www.grupobillingham.com\\\/blog\\\/cuanto-duran-las-mascarillas-ffp2\\\/#breadcrumb\"},\"inLanguage\":\"es\",\"potentialAction\":[{\"@type\":\"ReadAction\",\"target\":[\"https:\\\/\\\/www.grupobillingham.com\\\/blog\\\/cuanto-duran-las-mascarillas-ffp2\\\/\"]}]},{\"@type\":\"ImageObject\",\"inLanguage\":\"es\",\"@id\":\"https:\\\/\\\/www.grupobillingham.com\\\/blog\\\/cuanto-duran-las-mascarillas-ffp2\\\/#primaryimage\",\"url\":\"https:\\\/\\\/www.grupobillingham.com\\\/blog\\\/wp-content\\\/uploads\\\/2020\\\/12\\\/cuanto-duran-mascarillas-ffp2.jpg\",\"contentUrl\":\"https:\\\/\\\/www.grupobillingham.com\\\/blog\\\/wp-content\\\/uploads\\\/2020\\\/12\\\/cuanto-duran-mascarillas-ffp2.jpg\",\"width\":626,\"height\":428,\"caption\":\"Cuanto duran las mascarillas FFP2\"},{\"@type\":\"BreadcrumbList\",\"@id\":\"https:\\\/\\\/www.grupobillingham.com\\\/blog\\\/cuanto-duran-las-mascarillas-ffp2\\\/#breadcrumb\",\"itemListElement\":[{\"@type\":\"ListItem\",\"position\":1,\"name\":\"Portada\",\"item\":\"https:\\\/\\\/www.grupobillingham.com\\\/blog\\\/\"},{\"@type\":\"ListItem\",\"position\":2,\"name\":\"\u00bfCu\u00e1nto duran las mascarillas FFP2?\"}]},{\"@type\":\"WebSite\",\"@id\":\"https:\\\/\\\/www.grupobillingham.com\\\/blog\\\/#website\",\"url\":\"https:\\\/\\\/www.grupobillingham.com\\\/blog\\\/\",\"name\":\"Ideas de regalos de empresa y merchandising Grupo Billingham\",\"description\":\"Las mejores ideas de regalos de empresa y publicitarios de Grupo Billingham\",\"potentialAction\":[{\"@type\":\"SearchAction\",\"target\":{\"@type\":\"EntryPoint\",\"urlTemplate\":\"https:\\\/\\\/www.grupobillingham.com\\\/blog\\\/?s={search_term_string}\"},\"query-input\":{\"@type\":\"PropertyValueSpecification\",\"valueRequired\":true,\"valueName\":\"search_term_string\"}}],\"inLanguage\":\"es\"},{\"@type\":\"Person\",\"@id\":\"https:\\\/\\\/www.grupobillingham.com\\\/blog\\\/#\\\/schema\\\/person\\\/7ebc51e85d468a2301cbdeee1eb9cd6e\",\"name\":\"Iara\",\"image\":{\"@type\":\"ImageObject\",\"inLanguage\":\"es\",\"@id\":\"https:\\\/\\\/www.grupobillingham.com\\\/blog\\\/wp-content\\\/uploads\\\/2022\\\/08\\\/autora-iara.jpg\",\"url\":\"https:\\\/\\\/www.grupobillingham.com\\\/blog\\\/wp-content\\\/uploads\\\/2022\\\/08\\\/autora-iara.jpg\",\"contentUrl\":\"https:\\\/\\\/www.grupobillingham.com\\\/blog\\\/wp-content\\\/uploads\\\/2022\\\/08\\\/autora-iara.jpg\",\"caption\":\"Iara\"},\"description\":\"\u00a1Hola! Si has llegado hasta aqu\u00ed, seguramente te interese saber m\u00e1s sobre m\u00ed. Me presento: soy Iara, me especializo en la creaci\u00f3n de contenidos, el Online Marketing y la usabilidad. En Grupo Billingham creo contenido sobre las tendencias en regalos publicitarios, las novedades de nuestro cat\u00e1logo, sostenibilidad en el sector de los regalos de empresa, etc. Por supuesto, mi gran hobby es escribir, pero tambi\u00e9n disfruto de hacer cualquier tipo de deporte (volley, yoga, boxeo, senderismo\u2026) y de viajar. Ahora que ya sabes m\u00e1s de m\u00ed, te animo a leer algunos de los siguientes art\u00edculos.\",\"url\":\"https:\\\/\\\/www.grupobillingham.com\\\/blog\\\/autor\\\/iara\\\/?m_bm=true\"}]}<\/script>\n<!-- \/ Yoast SEO plugin. -->","yoast_head_json":{"title":"\u00bfSabes realmente cu\u00e1nto duran las mascarillas FFP2?","description":"\u00bfCu\u00e1nto tiempo duran las mascarillas FFP2? \u00bfSon reutilizables? En este art\u00edculo resolvemost tus dudas \u00a1no te lo pierdas!","robots":{"index":"index","follow":"follow","max-snippet":"max-snippet:-1","max-image-preview":"max-image-preview:large","max-video-preview":"max-video-preview:-1"},"canonical":"https:\/\/www.grupobillingham.com\/blog\/cuanto-duran-las-mascarillas-ffp2\/","twitter_misc":{"Escrito por":"Iara","Tiempo de lectura":"5 minutos"},"schema":{"@context":"https:\/\/schema.org","@graph":[{"@type":"Article","@id":"https:\/\/www.grupobillingham.com\/blog\/cuanto-duran-las-mascarillas-ffp2\/#article","isPartOf":{"@id":"https:\/\/www.grupobillingham.com\/blog\/cuanto-duran-las-mascarillas-ffp2\/"},"author":{"name":"Iara","@id":"https:\/\/www.grupobillingham.com\/blog\/#\/schema\/person\/7ebc51e85d468a2301cbdeee1eb9cd6e"},"headline":"\u00bfCu\u00e1nto duran las mascarillas FFP2?","datePublished":"2021-01-08T11:06:53+00:00","dateModified":"2022-08-19T07:48:24+00:00","mainEntityOfPage":{"@id":"https:\/\/www.grupobillingham.com\/blog\/cuanto-duran-las-mascarillas-ffp2\/"},"wordCount":672,"image":{"@id":"https:\/\/www.grupobillingham.com\/blog\/cuanto-duran-las-mascarillas-ffp2\/#primaryimage"},"thumbnailUrl":"https:\/\/www.grupobillingham.com\/blog\/wp-content\/uploads\/2020\/12\/cuanto-duran-mascarillas-ffp2.jpg","articleSection":["Cuidado, mantenimiento y curiosidades"],"inLanguage":"es"},{"@type":"WebPage","@id":"https:\/\/www.grupobillingham.com\/blog\/cuanto-duran-las-mascarillas-ffp2\/","url":"https:\/\/www.grupobillingham.com\/blog\/cuanto-duran-las-mascarillas-ffp2\/","name":"\u00bfSabes realmente cu\u00e1nto duran las mascarillas FFP2?","isPartOf":{"@id":"https:\/\/www.grupobillingham.com\/blog\/#website"},"primaryImageOfPage":{"@id":"https:\/\/www.grupobillingham.com\/blog\/cuanto-duran-las-mascarillas-ffp2\/#primaryimage"},"image":{"@id":"https:\/\/www.grupobillingham.com\/blog\/cuanto-duran-las-mascarillas-ffp2\/#primaryimage"},"thumbnailUrl":"https:\/\/www.grupobillingham.com\/blog\/wp-content\/uploads\/2020\/12\/cuanto-duran-mascarillas-ffp2.jpg","datePublished":"2021-01-08T11:06:53+00:00","dateModified":"2022-08-19T07:48:24+00:00","author":{"@id":"https:\/\/www.grupobillingham.com\/blog\/#\/schema\/person\/7ebc51e85d468a2301cbdeee1eb9cd6e"},"description":"\u00bfCu\u00e1nto tiempo duran las mascarillas FFP2? \u00bfSon reutilizables? En este art\u00edculo resolvemost tus dudas \u00a1no te lo pierdas!","breadcrumb":{"@id":"https:\/\/www.grupobillingham.com\/blog\/cuanto-duran-las-mascarillas-ffp2\/#breadcrumb"},"inLanguage":"es","potentialAction":[{"@type":"ReadAction","target":["https:\/\/www.grupobillingham.com\/blog\/cuanto-duran-las-mascarillas-ffp2\/"]}]},{"@type":"ImageObject","inLanguage":"es","@id":"https:\/\/www.grupobillingham.com\/blog\/cuanto-duran-las-mascarillas-ffp2\/#primaryimage","url":"https:\/\/www.grupobillingham.com\/blog\/wp-content\/uploads\/2020\/12\/cuanto-duran-mascarillas-ffp2.jpg","contentUrl":"https:\/\/www.grupobillingham.com\/blog\/wp-content\/uploads\/2020\/12\/cuanto-duran-mascarillas-ffp2.jpg","width":626,"height":428,"caption":"Cuanto duran las mascarillas FFP2"},{"@type":"BreadcrumbList","@id":"https:\/\/www.grupobillingham.com\/blog\/cuanto-duran-las-mascarillas-ffp2\/#breadcrumb","itemListElement":[{"@type":"ListItem","position":1,"name":"Portada","item":"https:\/\/www.grupobillingham.com\/blog\/"},{"@type":"ListItem","position":2,"name":"\u00bfCu\u00e1nto duran las mascarillas FFP2?"}]},{"@type":"WebSite","@id":"https:\/\/www.grupobillingham.com\/blog\/#website","url":"https:\/\/www.grupobillingham.com\/blog\/","name":"Ideas de regalos de empresa y merchandising Grupo Billingham","description":"Las mejores ideas de regalos de empresa y publicitarios de Grupo Billingham","potentialAction":[{"@type":"SearchAction","target":{"@type":"EntryPoint","urlTemplate":"https:\/\/www.grupobillingham.com\/blog\/?s={search_term_string}"},"query-input":{"@type":"PropertyValueSpecification","valueRequired":true,"valueName":"search_term_string"}}],"inLanguage":"es"},{"@type":"Person","@id":"https:\/\/www.grupobillingham.com\/blog\/#\/schema\/person\/7ebc51e85d468a2301cbdeee1eb9cd6e","name":"Iara","image":{"@type":"ImageObject","inLanguage":"es","@id":"https:\/\/www.grupobillingham.com\/blog\/wp-content\/uploads\/2022\/08\/autora-iara.jpg","url":"https:\/\/www.grupobillingham.com\/blog\/wp-content\/uploads\/2022\/08\/autora-iara.jpg","contentUrl":"https:\/\/www.grupobillingham.com\/blog\/wp-content\/uploads\/2022\/08\/autora-iara.jpg","caption":"Iara"},"description":"\u00a1Hola! Si has llegado hasta aqu\u00ed, seguramente te interese saber m\u00e1s sobre m\u00ed. Me presento: soy Iara, me especializo en la creaci\u00f3n de contenidos, el Online Marketing y la usabilidad. En Grupo Billingham creo contenido sobre las tendencias en regalos publicitarios, las novedades de nuestro cat\u00e1logo, sostenibilidad en el sector de los regalos de empresa, etc. Por supuesto, mi gran hobby es escribir, pero tambi\u00e9n disfruto de hacer cualquier tipo de deporte (volley, yoga, boxeo, senderismo\u2026) y de viajar. Ahora que ya sabes m\u00e1s de m\u00ed, te animo a leer algunos de los siguientes art\u00edculos.","url":"https:\/\/www.grupobillingham.com\/blog\/autor\/iara\/?m_bm=true"}]}},"featured_media_src_url":"https:\/\/www.grupobillingham.com\/blog\/wp-content\/uploads\/2020\/12\/cuanto-duran-mascarillas-ffp2.jpg","_links":{"self":[{"href":"https:\/\/www.grupobillingham.com\/blog\/wp-json\/wp\/v2\/posts\/1733","targetHints":{"allow":["GET"]}}],"collection":[{"href":"https:\/\/www.grupobillingham.com\/blog\/wp-json\/wp\/v2\/posts"}],"about":[{"href":"https:\/\/www.grupobillingham.com\/blog\/wp-json\/wp\/v2\/types\/post"}],"author":[{"embeddable":true,"href":"https:\/\/www.grupobillingham.com\/blog\/wp-json\/wp\/v2\/users\/4"}],"replies":[{"embeddable":true,"href":"https:\/\/www.grupobillingham.com\/blog\/wp-json\/wp\/v2\/comments?post=1733"}],"version-history":[{"count":1,"href":"https:\/\/www.grupobillingham.com\/blog\/wp-json\/wp\/v2\/posts\/1733\/revisions"}],"predecessor-version":[{"id":1786,"href":"https:\/\/www.grupobillingham.com\/blog\/wp-json\/wp\/v2\/posts\/1733\/revisions\/1786"}],"wp:featuredmedia":[{"embeddable":true,"href":"https:\/\/www.grupobillingham.com\/blog\/wp-json\/wp\/v2\/media\/1787"}],"wp:attachment":[{"href":"https:\/\/www.grupobillingham.com\/blog\/wp-json\/wp\/v2\/media?parent=1733"}],"wp:term":[{"taxonomy":"category","embeddable":true,"href":"https:\/\/www.grupobillingham.com\/blog\/wp-json\/wp\/v2\/categories?post=1733"},{"taxonomy":"post_tag","embeddable":true,"href":"https:\/\/www.grupobillingham.com\/blog\/wp-json\/wp\/v2\/tags?post=1733"}],"curies":[{"name":"wp","href":"https:\/\/api.w.org\/{rel}","templated":true}]}}