{"id":1656,"date":"2020-12-24T13:02:45","date_gmt":"2020-12-24T13:02:45","guid":{"rendered":"https:\/\/www.grupobillingham.com\/blog\/?p=1656"},"modified":"2023-10-25T10:59:48","modified_gmt":"2023-10-25T10:59:48","slug":"como-desechar-correctamente-mascarillas-quirurgicas-ffp2","status":"publish","type":"post","link":"https:\/\/www.grupobillingham.com\/blog\/como-desechar-correctamente-mascarillas-quirurgicas-ffp2\/","title":{"rendered":"C\u00f3mo desechar correctamente las mascarillas quir\u00fargicas o FFP2"},"content":{"rendered":"<p>Muchas cosas han cambiado tras la crisis sanitaria provocada por el COVID-19: nuestra forma de socializar, nuestros h\u00e1bitos y nos hemos visto obligados a utilizar las mascarillas como medida de protecci\u00f3n. <strong>Pero no solo nosotros nos hemos visto afectados por los cambios tra\u00eddos por el coronavirus, sino tambi\u00e9n el planeta<\/strong>. A ra\u00edz del uso masivo (y necesario) de mascarillas desechables, se ha generado un aumento considerable de estos residuos. Cada d\u00eda vemos alguna mascarilla desechable tirada en el suelo. Por ello, es fundamental ser conscientes de lo que implica una mala gesti\u00f3n de las mascarillas como residuo.<br \/>\n<!--more--><\/p>\n<h2>Las mascarillas desechables y su impacto medioambiental<\/h2>\n<p>Greenpeace da a conocer que cada mes se usan 129.000 millones de mascarillas en Espa\u00f1a y se est\u00e1n encontrando<strong> mascarillas desechables flotando en el mar en todo el mundo<\/strong>, una alarma creciente que necesita de la concienciaci\u00f3n de la poblaci\u00f3n. Adem\u00e1s, la tela TNT con las que se confeccionan las mascarillas quir\u00fargicas tarda en descomponerse en la naturaleza entre 400 y 450 a\u00f1os y esto supone una nueva amenaza para nuestra salud, para las especies que habitan en el mar y tambi\u00e9n para la naturaleza.<\/p>\n<p><img loading=\"lazy\" decoding=\"async\" class=\"aligncenter wp-image-1657\" src=\"https:\/\/www.grupobillingham.com\/blog\/wp-content\/uploads\/2020\/12\/mascarillas-tirarlas.jpg\" alt=\"C\u00f3mo desechar correctamente las mascarillas quir\u00fargicas o FFP2\" width=\"480\" height=\"339\" srcset=\"https:\/\/www.grupobillingham.com\/blog\/wp-content\/uploads\/2020\/12\/mascarillas-tirarlas.jpg 671w, https:\/\/www.grupobillingham.com\/blog\/wp-content\/uploads\/2020\/12\/mascarillas-tirarlas-300x211.jpg 300w\" sizes=\"auto, (max-width: 480px) 100vw, 480px\" \/><\/p>\n<p>Seg\u00fan la Organizaci\u00f3n de Consumidores y Usuarios, dejar las mascarillas quir\u00fargicas en el suelo de la calle, en el monte o en la playa no es solo un problema ambiental, pues tambi\u00e9n<strong> se convierte en un problema sanitario<\/strong> si tales mascarillas provienen de una persona enferma, por ejemplo, asintom\u00e1tica, y quedan al alcance de los ni\u00f1os o de los perros.<\/p>\n<p>Las mascarillas quir\u00fargicas o las mascarillas FFP2 no son reutilizables, <strong>lo que supone un nuevo residuo contaminante a tratar<\/strong> (tal como lo es el pl\u00e1stico o bien otros materiales da\u00f1inos). Para reducir el impacto medioambiental que genera la utilizaci\u00f3n de mascarillas desechables es necesario saber c\u00f3mo hay que tirarlas. Saber desechar bien las mascarillas quir\u00fargicas o FFP2 es casi tan importante <a title=\"Como colocar la mascarilla para que sea eficaz\" href=\"https:\/\/www.grupobillingham.com\/blog\/aprende-a-colocar-bien-tu-mascarilla\/\">como saber c\u00f3mo colocarnos bien la mascarilla<\/a>.<\/p>\n<h2>C\u00f3mo desechar las mascarillas quir\u00fargicas o FFP2 de forma correcta<\/h2>\n<p>Ya que no podemos prescindir al 100% de las mascarillas desechables, lo mejor es utilizar <a href=\"https:\/\/www.grupobillingham.com\/mascarillas-tela-homologadas\">mascarillas higi\u00e9nicas de tela<\/a> si es posible y tratar este tipo de residuos de la forma m\u00e1s correcta con la intenci\u00f3n de minimizar todo lo posible su impacto medioambiental.<\/p>\n<p>Por ejemplo, a\u00a0la hora de tirar las mascarillas quir\u00fargicas usadas hay que tener presente que <strong>no se pueden tirar al inodoro<\/strong> porque podr\u00eda suponer atascos como lo que sucede con las toallitas h\u00famedas y tambi\u00e9n tardan mucho en degradarse.<\/p>\n<p><img loading=\"lazy\" decoding=\"async\" class=\" wp-image-1714 alignright\" src=\"https:\/\/www.grupobillingham.com\/blog\/wp-content\/uploads\/2020\/12\/donde-tirar-mascarillas-desechables-300x237.jpg\" alt=\"donde tirar mascarillas quirurgicas\" width=\"329\" height=\"260\" srcset=\"https:\/\/www.grupobillingham.com\/blog\/wp-content\/uploads\/2020\/12\/donde-tirar-mascarillas-desechables-300x237.jpg 300w, https:\/\/www.grupobillingham.com\/blog\/wp-content\/uploads\/2020\/12\/donde-tirar-mascarillas-desechables.jpg 500w\" sizes=\"auto, (max-width: 329px) 100vw, 329px\" \/><\/p>\n<p>La OCU informa que las mascarillas FFP2 desechables y el resto de quir\u00fargicas <strong>deben tirarse en el contenedor de restos<\/strong>, el de color gris, en ning\u00fan caso se tirar\u00e1n en el de los restos org\u00e1nicos ni el de envases. Al tirar las mascarillas desechables en la basura habitual se pueden tratar para que no sea un grave problema para el medio ambiente.<\/p>\n<p>Pero <strong>\u00bfqu\u00e9 pasa si la mascarilla ha sido usada por una persona enferma de coronavirus?<\/strong> En este caso, las debemos <strong>meter en una bolsa de pl\u00e1stico o de basura cerrada<\/strong> antes de tirarla a la basura de forma general como se ha expuesto anteriormente.<\/p>\n<h2>Preguntas frecuentes sobre c\u00f3mo desechar las mascarillas correctamente<\/h2>\n<p><script type=\"application\/ld+json\">{\"@context\":\"https:\/\/schema.org\",\"@type\":\"FAQPage\",\"mainEntity\":[{\"@type\":\"Question\",\"name\":\"\u00bfD\u00f3nde tirar las mascarillas?\",\"acceptedAnswer\":{\"@type\":\"Answer\",\"text\":\"D\u00f3nde tirar las mascarillas depender\u00e1 de si la persona que la ha llevado est\u00e1 contagiada de coronavirus. En este caso, deber\u00e1s meter las mascarillas quir\u00fargicas y FFP2 en una bolsa de pl\u00e1stico o de basura que est\u00e9 bien cerrada y depositarla en el contenedor. En el caso de que la persona que haya llevado la mascarilla no est\u00e9 contagiada, puedes tirarla directamente en el cubo de basura. En ambos casos, ir\u00e1n en el contenedor gris, nunca en el de basura org\u00e1nica ni cualquier otro destinado a la recogida selectiva de residuos.\"}},{\"@type\":\"Question\",\"name\":\"\u00bfPor qu\u00e9 es importante aprender c\u00f3mo desechar las mascarillas?\",\"acceptedAnswer\":{\"@type\":\"Answer\",\"text\":\"El uso de mascarillas por parte de toda la poblaci\u00f3n ha supuesto la generaci\u00f3n de una gran cantidad de residuos. En este escenario es fundamental aprender c\u00f3mo desechar mascarillas. Recuerda: nunca debes tirarlas al suelo ni en exteriores, y siempre deber\u00e1s depositarla en el contenedor de basura general.\"}},{\"@type\":\"Question\",\"name\":\"\u00bfEn qu\u00e9 contenedor se tiran las mascarillas?\",\"acceptedAnswer\":{\"@type\":\"Answer\",\"text\":\"Las mascarillas quir\u00fargicas y FFP2, salvo excepciones, no se pueden reutilizar. Por tanto, si te preguntas en qu\u00e9 contenedor se tiran las mascarillas, debes saber que nunca debes tirarlas en los contenedores destinados al reciclaje, sino que ir\u00e1n en el contenedor gris destinado a la basura no reciclable.\"}},{\"@type\":\"Question\",\"name\":\"\u00bfSe pueden reciclar las mascarillas FFP2?\",\"acceptedAnswer\":{\"@type\":\"Answer\",\"text\":\"No es posible reciclar mascarillas FFP2. Adem\u00e1s, las mascarillas que usamos en nuestro d\u00eda a d\u00eda, si no estamos contagiados de COVID, no se consideran desechos peligrosos. Por eso, van directos al contenedor gris, el destinado a la basura general.\"}},{\"@type\":\"Question\",\"name\":\"\u00bfC\u00f3mo desechar correctamente las mascarillas?\",\"acceptedAnswer\":{\"@type\":\"Answer\",\"text\":\"Por tanto, si quieres aprender c\u00f3mo desechar correctamente las mascarillas, recuerda depositarlas siempre en el contenedor destinado a la recogida general de basuras, nunca en los contenedores destinados al reciclaje, ni a la recogida de residuos org\u00e1nicos.\"}}]}<\/script><\/p>\n<h3>\u00bfD\u00f3nde tirar las mascarillas?<\/h3>\n<p>D\u00f3nde tirar las mascarillas depender\u00e1 de si la persona que la ha llevado est\u00e1 contagiada de coronavirus. En este caso, deber\u00e1s meter las mascarillas quir\u00fargicas y FFP2 en una bolsa de pl\u00e1stico o de basura que est\u00e9 bien cerrada y depositarla en el contenedor. En el caso de que la persona que haya llevado la mascarilla no est\u00e9 contagiada, puedes tirarla directamente en el cubo de basura. En ambos casos, ir\u00e1n en el contenedor gris, nunca en el de basura org\u00e1nica ni cualquier otro destinado a la recogida selectiva de residuos.<\/p>\n<h3>\u00bfPor qu\u00e9 es importante aprender c\u00f3mo desechar las mascarillas?<\/h3>\n<p>El uso de mascarillas por parte de toda la poblaci\u00f3n ha supuesto la generaci\u00f3n de una gran cantidad de residuos. En este escenario es fundamental aprender c\u00f3mo desechar mascarillas. Recuerda: nunca debes tirarlas al suelo ni en exteriores, y siempre deber\u00e1s depositarla en el contenedor de basura general.<\/p>\n<h3>\u00bfEn qu\u00e9 contenedor se tiran las mascarillas?<\/h3>\n<p>Las mascarillas quir\u00fargicas y FFP2, salvo excepciones, no se pueden reutilizar. Por tanto, si te preguntas en qu\u00e9 contenedor se tiran las mascarillas, debes saber que nunca debes tirarlas en los contenedores destinados al reciclaje, sino que ir\u00e1n en el contenedor gris destinado a la basura no reciclable.<\/p>\n<h3>\u00bfSe pueden reciclar las mascarillas FFP2?<\/h3>\n<p>No es posible reciclar mascarillas FFP2. Adem\u00e1s, las mascarillas que usamos en nuestro d\u00eda a d\u00eda, si no estamos contagiados de COVID, no se consideran desechos peligrosos. Por eso, van directos al contenedor gris, el destinado a la basura general.<\/p>\n<h3>\u00bfC\u00f3mo desechar correctamente las mascarillas?<\/h3>\n<p>Por tanto, si quieres aprender c\u00f3mo desechar correctamente las mascarillas, recuerda depositarlas siempre en el contenedor destinado a la recogida general de basuras, nunca en los contenedores destinados al reciclaje, ni a la recogida de residuos org\u00e1nicos.<\/p>\n","protected":false},"excerpt":{"rendered":"<p>Muchas cosas han cambiado tras la crisis sanitaria provocada por el COVID-19: nuestra forma de socializar, nuestros h\u00e1bitos y nos hemos visto obligados a utilizar las mascarillas como medida de protecci\u00f3n. Pero no solo nosotros nos hemos visto afectados por los cambios tra\u00eddos por el coronavirus, sino tambi\u00e9n el planeta. A ra\u00edz del uso masivo [&hellip;]<\/p>\n","protected":false},"author":4,"featured_media":1712,"comment_status":"closed","ping_status":"open","sticky":false,"template":"","format":"standard","meta":{"footnotes":""},"categories":[73],"tags":[],"class_list":["post-1656","post","type-post","status-publish","format-standard","has-post-thumbnail","hentry","category-cuidado-mantenimiento-y-curiosidades"],"yoast_head":"<!-- This site is optimized with the Yoast SEO plugin v27.4 - https:\/\/yoast.com\/product\/yoast-seo-wordpress\/ -->\n<title>\u00bfD\u00f3nde se tiran las mascarillas FFP2 y las quir\u00fargicas?<\/title>\n<meta name=\"description\" content=\"Las mascarillas desechables se han transformado en un residuo muy contaminante. Te contamos c\u00f3mo debes tirar las mascarillas para reducir su impacto medioambiental.\" \/>\n<meta name=\"robots\" content=\"index, follow, max-snippet:-1, max-image-preview:large, max-video-preview:-1\" \/>\n<link rel=\"canonical\" href=\"https:\/\/www.grupobillingham.com\/blog\/como-desechar-correctamente-mascarillas-quirurgicas-ffp2\/\" \/>\n<meta name=\"twitter:label1\" content=\"Escrito por\" \/>\n\t<meta name=\"twitter:data1\" content=\"Iara\" \/>\n\t<meta name=\"twitter:label2\" content=\"Tiempo de lectura\" \/>\n\t<meta name=\"twitter:data2\" content=\"6 minutos\" \/>\n<script type=\"application\/ld+json\" class=\"yoast-schema-graph\">{\"@context\":\"https:\\\/\\\/schema.org\",\"@graph\":[{\"@type\":\"Article\",\"@id\":\"https:\\\/\\\/www.grupobillingham.com\\\/blog\\\/como-desechar-correctamente-mascarillas-quirurgicas-ffp2\\\/#article\",\"isPartOf\":{\"@id\":\"https:\\\/\\\/www.grupobillingham.com\\\/blog\\\/como-desechar-correctamente-mascarillas-quirurgicas-ffp2\\\/\"},\"author\":{\"name\":\"Iara\",\"@id\":\"https:\\\/\\\/www.grupobillingham.com\\\/blog\\\/#\\\/schema\\\/person\\\/7ebc51e85d468a2301cbdeee1eb9cd6e\"},\"headline\":\"C\u00f3mo desechar correctamente las mascarillas quir\u00fargicas o FFP2\",\"datePublished\":\"2020-12-24T13:02:45+00:00\",\"dateModified\":\"2023-10-25T10:59:48+00:00\",\"mainEntityOfPage\":{\"@id\":\"https:\\\/\\\/www.grupobillingham.com\\\/blog\\\/como-desechar-correctamente-mascarillas-quirurgicas-ffp2\\\/\"},\"wordCount\":889,\"image\":{\"@id\":\"https:\\\/\\\/www.grupobillingham.com\\\/blog\\\/como-desechar-correctamente-mascarillas-quirurgicas-ffp2\\\/#primaryimage\"},\"thumbnailUrl\":\"https:\\\/\\\/www.grupobillingham.com\\\/blog\\\/wp-content\\\/uploads\\\/2020\\\/12\\\/como-tirar-mascarillas-quirurgicas.jpg\",\"articleSection\":[\"Cuidado, mantenimiento y curiosidades\"],\"inLanguage\":\"es\"},{\"@type\":\"WebPage\",\"@id\":\"https:\\\/\\\/www.grupobillingham.com\\\/blog\\\/como-desechar-correctamente-mascarillas-quirurgicas-ffp2\\\/\",\"url\":\"https:\\\/\\\/www.grupobillingham.com\\\/blog\\\/como-desechar-correctamente-mascarillas-quirurgicas-ffp2\\\/\",\"name\":\"\u00bfD\u00f3nde se tiran las mascarillas FFP2 y las quir\u00fargicas?\",\"isPartOf\":{\"@id\":\"https:\\\/\\\/www.grupobillingham.com\\\/blog\\\/#website\"},\"primaryImageOfPage\":{\"@id\":\"https:\\\/\\\/www.grupobillingham.com\\\/blog\\\/como-desechar-correctamente-mascarillas-quirurgicas-ffp2\\\/#primaryimage\"},\"image\":{\"@id\":\"https:\\\/\\\/www.grupobillingham.com\\\/blog\\\/como-desechar-correctamente-mascarillas-quirurgicas-ffp2\\\/#primaryimage\"},\"thumbnailUrl\":\"https:\\\/\\\/www.grupobillingham.com\\\/blog\\\/wp-content\\\/uploads\\\/2020\\\/12\\\/como-tirar-mascarillas-quirurgicas.jpg\",\"datePublished\":\"2020-12-24T13:02:45+00:00\",\"dateModified\":\"2023-10-25T10:59:48+00:00\",\"author\":{\"@id\":\"https:\\\/\\\/www.grupobillingham.com\\\/blog\\\/#\\\/schema\\\/person\\\/7ebc51e85d468a2301cbdeee1eb9cd6e\"},\"description\":\"Las mascarillas desechables se han transformado en un residuo muy contaminante. Te contamos c\u00f3mo debes tirar las mascarillas para reducir su impacto medioambiental.\",\"breadcrumb\":{\"@id\":\"https:\\\/\\\/www.grupobillingham.com\\\/blog\\\/como-desechar-correctamente-mascarillas-quirurgicas-ffp2\\\/#breadcrumb\"},\"inLanguage\":\"es\",\"potentialAction\":[{\"@type\":\"ReadAction\",\"target\":[\"https:\\\/\\\/www.grupobillingham.com\\\/blog\\\/como-desechar-correctamente-mascarillas-quirurgicas-ffp2\\\/\"]}]},{\"@type\":\"ImageObject\",\"inLanguage\":\"es\",\"@id\":\"https:\\\/\\\/www.grupobillingham.com\\\/blog\\\/como-desechar-correctamente-mascarillas-quirurgicas-ffp2\\\/#primaryimage\",\"url\":\"https:\\\/\\\/www.grupobillingham.com\\\/blog\\\/wp-content\\\/uploads\\\/2020\\\/12\\\/como-tirar-mascarillas-quirurgicas.jpg\",\"contentUrl\":\"https:\\\/\\\/www.grupobillingham.com\\\/blog\\\/wp-content\\\/uploads\\\/2020\\\/12\\\/como-tirar-mascarillas-quirurgicas.jpg\",\"width\":1254,\"height\":706},{\"@type\":\"BreadcrumbList\",\"@id\":\"https:\\\/\\\/www.grupobillingham.com\\\/blog\\\/como-desechar-correctamente-mascarillas-quirurgicas-ffp2\\\/#breadcrumb\",\"itemListElement\":[{\"@type\":\"ListItem\",\"position\":1,\"name\":\"Portada\",\"item\":\"https:\\\/\\\/www.grupobillingham.com\\\/blog\\\/\"},{\"@type\":\"ListItem\",\"position\":2,\"name\":\"C\u00f3mo desechar correctamente las mascarillas quir\u00fargicas o FFP2\"}]},{\"@type\":\"WebSite\",\"@id\":\"https:\\\/\\\/www.grupobillingham.com\\\/blog\\\/#website\",\"url\":\"https:\\\/\\\/www.grupobillingham.com\\\/blog\\\/\",\"name\":\"Ideas de regalos de empresa y merchandising Grupo Billingham\",\"description\":\"Las mejores ideas de regalos de empresa y publicitarios de Grupo Billingham\",\"potentialAction\":[{\"@type\":\"SearchAction\",\"target\":{\"@type\":\"EntryPoint\",\"urlTemplate\":\"https:\\\/\\\/www.grupobillingham.com\\\/blog\\\/?s={search_term_string}\"},\"query-input\":{\"@type\":\"PropertyValueSpecification\",\"valueRequired\":true,\"valueName\":\"search_term_string\"}}],\"inLanguage\":\"es\"},{\"@type\":\"Person\",\"@id\":\"https:\\\/\\\/www.grupobillingham.com\\\/blog\\\/#\\\/schema\\\/person\\\/7ebc51e85d468a2301cbdeee1eb9cd6e\",\"name\":\"Iara\",\"image\":{\"@type\":\"ImageObject\",\"inLanguage\":\"es\",\"@id\":\"https:\\\/\\\/www.grupobillingham.com\\\/blog\\\/wp-content\\\/uploads\\\/2022\\\/08\\\/autora-iara.jpg\",\"url\":\"https:\\\/\\\/www.grupobillingham.com\\\/blog\\\/wp-content\\\/uploads\\\/2022\\\/08\\\/autora-iara.jpg\",\"contentUrl\":\"https:\\\/\\\/www.grupobillingham.com\\\/blog\\\/wp-content\\\/uploads\\\/2022\\\/08\\\/autora-iara.jpg\",\"caption\":\"Iara\"},\"description\":\"\u00a1Hola! Si has llegado hasta aqu\u00ed, seguramente te interese saber m\u00e1s sobre m\u00ed. Me presento: soy Iara, me especializo en la creaci\u00f3n de contenidos, el Online Marketing y la usabilidad. En Grupo Billingham creo contenido sobre las tendencias en regalos publicitarios, las novedades de nuestro cat\u00e1logo, sostenibilidad en el sector de los regalos de empresa, etc. Por supuesto, mi gran hobby es escribir, pero tambi\u00e9n disfruto de hacer cualquier tipo de deporte (volley, yoga, boxeo, senderismo\u2026) y de viajar. Ahora que ya sabes m\u00e1s de m\u00ed, te animo a leer algunos de los siguientes art\u00edculos.\",\"url\":\"https:\\\/\\\/www.grupobillingham.com\\\/blog\\\/autor\\\/iara\\\/?m_bm=true\"}]}<\/script>\n<!-- \/ Yoast SEO plugin. -->","yoast_head_json":{"title":"\u00bfD\u00f3nde se tiran las mascarillas FFP2 y las quir\u00fargicas?","description":"Las mascarillas desechables se han transformado en un residuo muy contaminante. Te contamos c\u00f3mo debes tirar las mascarillas para reducir su impacto medioambiental.","robots":{"index":"index","follow":"follow","max-snippet":"max-snippet:-1","max-image-preview":"max-image-preview:large","max-video-preview":"max-video-preview:-1"},"canonical":"https:\/\/www.grupobillingham.com\/blog\/como-desechar-correctamente-mascarillas-quirurgicas-ffp2\/","twitter_misc":{"Escrito por":"Iara","Tiempo de lectura":"6 minutos"},"schema":{"@context":"https:\/\/schema.org","@graph":[{"@type":"Article","@id":"https:\/\/www.grupobillingham.com\/blog\/como-desechar-correctamente-mascarillas-quirurgicas-ffp2\/#article","isPartOf":{"@id":"https:\/\/www.grupobillingham.com\/blog\/como-desechar-correctamente-mascarillas-quirurgicas-ffp2\/"},"author":{"name":"Iara","@id":"https:\/\/www.grupobillingham.com\/blog\/#\/schema\/person\/7ebc51e85d468a2301cbdeee1eb9cd6e"},"headline":"C\u00f3mo desechar correctamente las mascarillas quir\u00fargicas o FFP2","datePublished":"2020-12-24T13:02:45+00:00","dateModified":"2023-10-25T10:59:48+00:00","mainEntityOfPage":{"@id":"https:\/\/www.grupobillingham.com\/blog\/como-desechar-correctamente-mascarillas-quirurgicas-ffp2\/"},"wordCount":889,"image":{"@id":"https:\/\/www.grupobillingham.com\/blog\/como-desechar-correctamente-mascarillas-quirurgicas-ffp2\/#primaryimage"},"thumbnailUrl":"https:\/\/www.grupobillingham.com\/blog\/wp-content\/uploads\/2020\/12\/como-tirar-mascarillas-quirurgicas.jpg","articleSection":["Cuidado, mantenimiento y curiosidades"],"inLanguage":"es"},{"@type":"WebPage","@id":"https:\/\/www.grupobillingham.com\/blog\/como-desechar-correctamente-mascarillas-quirurgicas-ffp2\/","url":"https:\/\/www.grupobillingham.com\/blog\/como-desechar-correctamente-mascarillas-quirurgicas-ffp2\/","name":"\u00bfD\u00f3nde se tiran las mascarillas FFP2 y las quir\u00fargicas?","isPartOf":{"@id":"https:\/\/www.grupobillingham.com\/blog\/#website"},"primaryImageOfPage":{"@id":"https:\/\/www.grupobillingham.com\/blog\/como-desechar-correctamente-mascarillas-quirurgicas-ffp2\/#primaryimage"},"image":{"@id":"https:\/\/www.grupobillingham.com\/blog\/como-desechar-correctamente-mascarillas-quirurgicas-ffp2\/#primaryimage"},"thumbnailUrl":"https:\/\/www.grupobillingham.com\/blog\/wp-content\/uploads\/2020\/12\/como-tirar-mascarillas-quirurgicas.jpg","datePublished":"2020-12-24T13:02:45+00:00","dateModified":"2023-10-25T10:59:48+00:00","author":{"@id":"https:\/\/www.grupobillingham.com\/blog\/#\/schema\/person\/7ebc51e85d468a2301cbdeee1eb9cd6e"},"description":"Las mascarillas desechables se han transformado en un residuo muy contaminante. Te contamos c\u00f3mo debes tirar las mascarillas para reducir su impacto medioambiental.","breadcrumb":{"@id":"https:\/\/www.grupobillingham.com\/blog\/como-desechar-correctamente-mascarillas-quirurgicas-ffp2\/#breadcrumb"},"inLanguage":"es","potentialAction":[{"@type":"ReadAction","target":["https:\/\/www.grupobillingham.com\/blog\/como-desechar-correctamente-mascarillas-quirurgicas-ffp2\/"]}]},{"@type":"ImageObject","inLanguage":"es","@id":"https:\/\/www.grupobillingham.com\/blog\/como-desechar-correctamente-mascarillas-quirurgicas-ffp2\/#primaryimage","url":"https:\/\/www.grupobillingham.com\/blog\/wp-content\/uploads\/2020\/12\/como-tirar-mascarillas-quirurgicas.jpg","contentUrl":"https:\/\/www.grupobillingham.com\/blog\/wp-content\/uploads\/2020\/12\/como-tirar-mascarillas-quirurgicas.jpg","width":1254,"height":706},{"@type":"BreadcrumbList","@id":"https:\/\/www.grupobillingham.com\/blog\/como-desechar-correctamente-mascarillas-quirurgicas-ffp2\/#breadcrumb","itemListElement":[{"@type":"ListItem","position":1,"name":"Portada","item":"https:\/\/www.grupobillingham.com\/blog\/"},{"@type":"ListItem","position":2,"name":"C\u00f3mo desechar correctamente las mascarillas quir\u00fargicas o FFP2"}]},{"@type":"WebSite","@id":"https:\/\/www.grupobillingham.com\/blog\/#website","url":"https:\/\/www.grupobillingham.com\/blog\/","name":"Ideas de regalos de empresa y merchandising Grupo Billingham","description":"Las mejores ideas de regalos de empresa y publicitarios de Grupo Billingham","potentialAction":[{"@type":"SearchAction","target":{"@type":"EntryPoint","urlTemplate":"https:\/\/www.grupobillingham.com\/blog\/?s={search_term_string}"},"query-input":{"@type":"PropertyValueSpecification","valueRequired":true,"valueName":"search_term_string"}}],"inLanguage":"es"},{"@type":"Person","@id":"https:\/\/www.grupobillingham.com\/blog\/#\/schema\/person\/7ebc51e85d468a2301cbdeee1eb9cd6e","name":"Iara","image":{"@type":"ImageObject","inLanguage":"es","@id":"https:\/\/www.grupobillingham.com\/blog\/wp-content\/uploads\/2022\/08\/autora-iara.jpg","url":"https:\/\/www.grupobillingham.com\/blog\/wp-content\/uploads\/2022\/08\/autora-iara.jpg","contentUrl":"https:\/\/www.grupobillingham.com\/blog\/wp-content\/uploads\/2022\/08\/autora-iara.jpg","caption":"Iara"},"description":"\u00a1Hola! Si has llegado hasta aqu\u00ed, seguramente te interese saber m\u00e1s sobre m\u00ed. Me presento: soy Iara, me especializo en la creaci\u00f3n de contenidos, el Online Marketing y la usabilidad. En Grupo Billingham creo contenido sobre las tendencias en regalos publicitarios, las novedades de nuestro cat\u00e1logo, sostenibilidad en el sector de los regalos de empresa, etc. Por supuesto, mi gran hobby es escribir, pero tambi\u00e9n disfruto de hacer cualquier tipo de deporte (volley, yoga, boxeo, senderismo\u2026) y de viajar. Ahora que ya sabes m\u00e1s de m\u00ed, te animo a leer algunos de los siguientes art\u00edculos.","url":"https:\/\/www.grupobillingham.com\/blog\/autor\/iara\/?m_bm=true"}]}},"featured_media_src_url":"https:\/\/www.grupobillingham.com\/blog\/wp-content\/uploads\/2020\/12\/como-tirar-mascarillas-quirurgicas-1024x577.jpg","_links":{"self":[{"href":"https:\/\/www.grupobillingham.com\/blog\/wp-json\/wp\/v2\/posts\/1656","targetHints":{"allow":["GET"]}}],"collection":[{"href":"https:\/\/www.grupobillingham.com\/blog\/wp-json\/wp\/v2\/posts"}],"about":[{"href":"https:\/\/www.grupobillingham.com\/blog\/wp-json\/wp\/v2\/types\/post"}],"author":[{"embeddable":true,"href":"https:\/\/www.grupobillingham.com\/blog\/wp-json\/wp\/v2\/users\/4"}],"replies":[{"embeddable":true,"href":"https:\/\/www.grupobillingham.com\/blog\/wp-json\/wp\/v2\/comments?post=1656"}],"version-history":[{"count":0,"href":"https:\/\/www.grupobillingham.com\/blog\/wp-json\/wp\/v2\/posts\/1656\/revisions"}],"wp:featuredmedia":[{"embeddable":true,"href":"https:\/\/www.grupobillingham.com\/blog\/wp-json\/wp\/v2\/media\/1712"}],"wp:attachment":[{"href":"https:\/\/www.grupobillingham.com\/blog\/wp-json\/wp\/v2\/media?parent=1656"}],"wp:term":[{"taxonomy":"category","embeddable":true,"href":"https:\/\/www.grupobillingham.com\/blog\/wp-json\/wp\/v2\/categories?post=1656"},{"taxonomy":"post_tag","embeddable":true,"href":"https:\/\/www.grupobillingham.com\/blog\/wp-json\/wp\/v2\/tags?post=1656"}],"curies":[{"name":"wp","href":"https:\/\/api.w.org\/{rel}","templated":true}]}}